{"id":203,"date":"2025-09-15T13:46:46","date_gmt":"2025-09-15T11:46:46","guid":{"rendered":"https:\/\/mgradio.be\/?p=203"},"modified":"2025-09-15T13:49:09","modified_gmt":"2025-09-15T11:49:09","slug":"mg-radio-cest-la-rentree","status":"publish","type":"post","link":"https:\/\/mgradio.be\/index.php\/2025\/09\/15\/mg-radio-cest-la-rentree\/","title":{"rendered":"MG RADIO | C&rsquo;est la rentr\u00e9e !!!"},"content":{"rendered":"\n<p><strong>Ce Lundi 15 Septembre marque la rentr\u00e9e de MG RADIO avec de nouveaux programmes !<\/strong><\/p>\n\n\n\n<p>Certains \u00e9l\u00e9ments, qui \u00e9taient trop paresseux ou trop \u00e9go\u00efstes, ont \u00e9t\u00e9 \u00e9vinc\u00e9s de notre \u00e9quipe, et d&rsquo;autres nettement plus actifs sont venus nous (re)joindre pour vous proposer un programme de qualit\u00e9 toute la journ\u00e9e et toute la nuit !<\/p>\n\n\n\n<p>Nous avons constat\u00e9 de nombreuses connections depuis la belle r\u00e9gion de Qu\u00e9bec, ainsi qu&rsquo;aux USA, et calcul\u00e9 le d\u00e9calage horaire. Nous commencerons donc les diffusions de nos \u00e9missions d\u00e8s 4 heures du matin, heure de Paris\/Bruxelles.<\/p>\n\n\n\n<p>Souhaitons la (re)bienvenue \u00e0 Hary Lavital pour Fr\u00e9quence Tropiques, Philippe pour British Connection, Yann pour le 6-7-8, Eric NC pour Fan de Funk et Fan de Funk LIVE, et Laurent Delfau pour l&rsquo;interview pop-rock.<\/p>\n\n\n\n<p>N&rsquo;oublions pas mes \u00e9missions : ChocolatShow avec les g\u00e9n\u00e9riques des dessins anim\u00e9s de notre enfance, CountryRoads pour la musique country moderne ou non, Celtica pour la musique celtique, Cinestory pour le cin\u00e9ma, ses sorties et des acteurs \u00e0 l&rsquo;honneur.<\/p>\n\n\n\n<p>Et FORUM le matin de 6 heures \u00e0 midi avec des infos, la m\u00e9t\u00e9o, l&rsquo;horoscope de SERGE DUCAS, les agendas, les sorties cin\u00e9ma, et bien d&rsquo;autres !<\/p>\n\n\n\n<p>D&rsquo;autres belles surprises sont encore en pr\u00e9paration sur notre radio, avec des partenariats partout en Belgique et ailleurs ! BIENTOT DE TRES BEAUX CADEAUX A GAGNER !!!<\/p>\n\n\n\n<p>En bref, MG RADIO est et restera la radio de votre g\u00e9n\u00e9ration, notre g\u00e9n\u00e9ration, avec de bons moments musicaux.<\/p>\n\n\n\n<p>Je tiens ici \u00e0 remercier tous nos partenaires et toute l&rsquo;\u00e9quipe pour leur collaboration, leur productivit\u00e9 et leur professionnalisme. C&rsquo;est une tr\u00e8s belle saison qui commence avec les \u00e9l\u00e9ments les plus pr\u00e9cieux du petit monde de la radio.<\/p>\n\n\n\n<p class=\"has-text-align-right\"><em>Laurent Etienne, directeur MG RADIO<\/em><\/p>\n\n\n\n<p><\/p>\n","protected":false},"excerpt":{"rendered":"<p>Ce Lundi 15 Septembre marque la rentr\u00e9e de MG RADIO avec de nouveaux programmes ! Certains \u00e9l\u00e9ments, qui \u00e9taient trop paresseux ou trop \u00e9go\u00efstes, ont [&hellip;]<\/p>\n","protected":false},"author":1,"featured_media":205,"comment_status":"open","ping_status":"open","sticky":false,"template":"","format":"standard","meta":{"om_disable_all_campaigns":false,"_jetpack_memberships_contains_paid_content":false,"footnotes":"","jetpack_publicize_message":"","jetpack_publicize_feature_enabled":true,"jetpack_social_post_already_shared":true,"jetpack_social_options":{"image_generator_settings":{"template":"highway","default_image_id":0,"font":"","enabled":false},"version":2}},"categories":[9,3,76],"tags":[140,136,135,139,14,7,44,134],"class_list":["post-203","post","type-post","status-publish","format-standard","has-post-thumbnail","hentry","category-emissions","category-news","category-sorties","tag-britishconnection","tag-frequencetropiques","tag-harylavital","tag-laurentdelfau","tag-laurentetienne","tag-mgradio","tag-philippe","tag-rentree"],"yoast_head":"<!-- This site is optimized with the Yoast SEO plugin v27.4 - https:\/\/yoast.com\/product\/yoast-seo-wordpress\/ -->\n<title>MG RADIO | C&#039;est la rentr\u00e9e !!! - MG RADIO<\/title>\n<meta name=\"robots\" content=\"index, follow, max-snippet:-1, max-image-preview:large, max-video-preview:-1\" \/>\n<link rel=\"canonical\" href=\"https:\/\/mgradio.be\/index.php\/2025\/09\/15\/mg-radio-cest-la-rentree\/\" \/>\n<meta property=\"og:locale\" content=\"fr_FR\" \/>\n<meta property=\"og:type\" content=\"article\" \/>\n<meta property=\"og:title\" content=\"MG RADIO | C&#039;est la rentr\u00e9e !!! - MG RADIO\" \/>\n<meta property=\"og:description\" content=\"Ce Lundi 15 Septembre marque la rentr\u00e9e de MG RADIO avec de nouveaux programmes ! Certains \u00e9l\u00e9ments, qui \u00e9taient trop paresseux ou trop \u00e9go\u00efstes, ont [&hellip;]\" \/>\n<meta property=\"og:url\" content=\"https:\/\/mgradio.be\/index.php\/2025\/09\/15\/mg-radio-cest-la-rentree\/\" \/>\n<meta property=\"og:site_name\" content=\"MG RADIO\" \/>\n<meta property=\"article:publisher\" content=\"https:\/\/www.facebook.com\/mgradiobelgique\" \/>\n<meta property=\"article:published_time\" content=\"2025-09-15T11:46:46+00:00\" \/>\n<meta property=\"article:modified_time\" content=\"2025-09-15T11:49:09+00:00\" \/>\n<meta property=\"og:image\" content=\"https:\/\/mgradio.be\/wp-content\/uploads\/2025\/09\/istockphoto-486067220-612x612-1.jpg\" \/>\n\t<meta property=\"og:image:width\" content=\"612\" \/>\n\t<meta property=\"og:image:height\" content=\"408\" \/>\n\t<meta property=\"og:image:type\" content=\"image\/jpeg\" \/>\n<meta name=\"author\" content=\"Laurent Etienne\" \/>\n<meta name=\"twitter:card\" content=\"summary_large_image\" \/>\n<meta name=\"twitter:label1\" content=\"\u00c9crit par\" \/>\n\t<meta name=\"twitter:data1\" content=\"Laurent Etienne\" \/>\n\t<meta name=\"twitter:label2\" content=\"Dur\u00e9e de lecture est.\" \/>\n\t<meta name=\"twitter:data2\" content=\"2 minutes\" \/>\n<script type=\"application\/ld+json\" class=\"yoast-schema-graph\">{\"@context\":\"https:\\\/\\\/schema.org\",\"@graph\":[{\"@type\":\"Article\",\"@id\":\"https:\\\/\\\/mgradio.be\\\/index.php\\\/2025\\\/09\\\/15\\\/mg-radio-cest-la-rentree\\\/#article\",\"isPartOf\":{\"@id\":\"https:\\\/\\\/mgradio.be\\\/index.php\\\/2025\\\/09\\\/15\\\/mg-radio-cest-la-rentree\\\/\"},\"author\":{\"name\":\"Laurent Etienne\",\"@id\":\"https:\\\/\\\/mgradio.be\\\/#\\\/schema\\\/person\\\/507e7e00f60eea3fbf12200b21c5ad01\"},\"headline\":\"MG RADIO | C&rsquo;est la rentr\u00e9e !!!\",\"datePublished\":\"2025-09-15T11:46:46+00:00\",\"dateModified\":\"2025-09-15T11:49:09+00:00\",\"mainEntityOfPage\":{\"@id\":\"https:\\\/\\\/mgradio.be\\\/index.php\\\/2025\\\/09\\\/15\\\/mg-radio-cest-la-rentree\\\/\"},\"wordCount\":302,\"commentCount\":0,\"publisher\":{\"@id\":\"https:\\\/\\\/mgradio.be\\\/#organization\"},\"image\":{\"@id\":\"https:\\\/\\\/mgradio.be\\\/index.php\\\/2025\\\/09\\\/15\\\/mg-radio-cest-la-rentree\\\/#primaryimage\"},\"thumbnailUrl\":\"https:\\\/\\\/mgradio.be\\\/wp-content\\\/uploads\\\/2025\\\/09\\\/istockphoto-486067220-612x612-1.jpg\",\"keywords\":[\"britishconnection\",\"frequencetropiques\",\"harylavital\",\"laurentdelfau\",\"laurentetienne\",\"mgradio\",\"philippe\",\"rentr\u00e9e\"],\"articleSection\":[\"EMISSIONS\",\"NEWS\",\"SORTIES\"],\"inLanguage\":\"fr-BE\",\"potentialAction\":[{\"@type\":\"CommentAction\",\"name\":\"Comment\",\"target\":[\"https:\\\/\\\/mgradio.be\\\/index.php\\\/2025\\\/09\\\/15\\\/mg-radio-cest-la-rentree\\\/#respond\"]}]},{\"@type\":\"WebPage\",\"@id\":\"https:\\\/\\\/mgradio.be\\\/index.php\\\/2025\\\/09\\\/15\\\/mg-radio-cest-la-rentree\\\/\",\"url\":\"https:\\\/\\\/mgradio.be\\\/index.php\\\/2025\\\/09\\\/15\\\/mg-radio-cest-la-rentree\\\/\",\"name\":\"MG RADIO | C'est la rentr\u00e9e !!! - MG RADIO\",\"isPartOf\":{\"@id\":\"https:\\\/\\\/mgradio.be\\\/#website\"},\"primaryImageOfPage\":{\"@id\":\"https:\\\/\\\/mgradio.be\\\/index.php\\\/2025\\\/09\\\/15\\\/mg-radio-cest-la-rentree\\\/#primaryimage\"},\"image\":{\"@id\":\"https:\\\/\\\/mgradio.be\\\/index.php\\\/2025\\\/09\\\/15\\\/mg-radio-cest-la-rentree\\\/#primaryimage\"},\"thumbnailUrl\":\"https:\\\/\\\/mgradio.be\\\/wp-content\\\/uploads\\\/2025\\\/09\\\/istockphoto-486067220-612x612-1.jpg\",\"datePublished\":\"2025-09-15T11:46:46+00:00\",\"dateModified\":\"2025-09-15T11:49:09+00:00\",\"breadcrumb\":{\"@id\":\"https:\\\/\\\/mgradio.be\\\/index.php\\\/2025\\\/09\\\/15\\\/mg-radio-cest-la-rentree\\\/#breadcrumb\"},\"inLanguage\":\"fr-BE\",\"potentialAction\":[{\"@type\":\"ReadAction\",\"target\":[\"https:\\\/\\\/mgradio.be\\\/index.php\\\/2025\\\/09\\\/15\\\/mg-radio-cest-la-rentree\\\/\"]}]},{\"@type\":\"ImageObject\",\"inLanguage\":\"fr-BE\",\"@id\":\"https:\\\/\\\/mgradio.be\\\/index.php\\\/2025\\\/09\\\/15\\\/mg-radio-cest-la-rentree\\\/#primaryimage\",\"url\":\"https:\\\/\\\/mgradio.be\\\/wp-content\\\/uploads\\\/2025\\\/09\\\/istockphoto-486067220-612x612-1.jpg\",\"contentUrl\":\"https:\\\/\\\/mgradio.be\\\/wp-content\\\/uploads\\\/2025\\\/09\\\/istockphoto-486067220-612x612-1.jpg\",\"width\":612,\"height\":408,\"caption\":\"a chalkboard with the text cest la rentree, back to school in french written in it, a piece of chalk, an eraser and a red apple on a rustic wooden table, cross processed\"},{\"@type\":\"BreadcrumbList\",\"@id\":\"https:\\\/\\\/mgradio.be\\\/index.php\\\/2025\\\/09\\\/15\\\/mg-radio-cest-la-rentree\\\/#breadcrumb\",\"itemListElement\":[{\"@type\":\"ListItem\",\"position\":1,\"name\":\"Accueil\",\"item\":\"https:\\\/\\\/mgradio.be\\\/\"},{\"@type\":\"ListItem\",\"position\":2,\"name\":\"MG RADIO | C&rsquo;est la rentr\u00e9e !!!\"}]},{\"@type\":\"WebSite\",\"@id\":\"https:\\\/\\\/mgradio.be\\\/#website\",\"url\":\"https:\\\/\\\/mgradio.be\\\/\",\"name\":\"MG RADIO BELGIQUE\",\"description\":\"\",\"publisher\":{\"@id\":\"https:\\\/\\\/mgradio.be\\\/#organization\"},\"potentialAction\":[{\"@type\":\"SearchAction\",\"target\":{\"@type\":\"EntryPoint\",\"urlTemplate\":\"https:\\\/\\\/mgradio.be\\\/?s={search_term_string}\"},\"query-input\":{\"@type\":\"PropertyValueSpecification\",\"valueRequired\":true,\"valueName\":\"search_term_string\"}}],\"inLanguage\":\"fr-BE\"},{\"@type\":\"Organization\",\"@id\":\"https:\\\/\\\/mgradio.be\\\/#organization\",\"name\":\"MG RADIO BELGIQUE\",\"url\":\"https:\\\/\\\/mgradio.be\\\/\",\"logo\":{\"@type\":\"ImageObject\",\"inLanguage\":\"fr-BE\",\"@id\":\"https:\\\/\\\/mgradio.be\\\/#\\\/schema\\\/logo\\\/image\\\/\",\"url\":\"https:\\\/\\\/mgradio.be\\\/wp-content\\\/uploads\\\/2025\\\/07\\\/499313877_678853151563626_2649022349240943846_n.jpg\",\"contentUrl\":\"https:\\\/\\\/mgradio.be\\\/wp-content\\\/uploads\\\/2025\\\/07\\\/499313877_678853151563626_2649022349240943846_n.jpg\",\"width\":1600,\"height\":1600,\"caption\":\"MG RADIO BELGIQUE\"},\"image\":{\"@id\":\"https:\\\/\\\/mgradio.be\\\/#\\\/schema\\\/logo\\\/image\\\/\"},\"sameAs\":[\"https:\\\/\\\/www.facebook.com\\\/mgradiobelgique\"]},{\"@type\":\"Person\",\"@id\":\"https:\\\/\\\/mgradio.be\\\/#\\\/schema\\\/person\\\/507e7e00f60eea3fbf12200b21c5ad01\",\"name\":\"Laurent Etienne\",\"image\":{\"@type\":\"ImageObject\",\"inLanguage\":\"fr-BE\",\"@id\":\"https:\\\/\\\/secure.gravatar.com\\\/avatar\\\/7d460c3feea5979bad208db274d36f455edc3293c1ba872390800ebee11f35ef?s=96&d=mm&r=g\",\"url\":\"https:\\\/\\\/secure.gravatar.com\\\/avatar\\\/7d460c3feea5979bad208db274d36f455edc3293c1ba872390800ebee11f35ef?s=96&d=mm&r=g\",\"contentUrl\":\"https:\\\/\\\/secure.gravatar.com\\\/avatar\\\/7d460c3feea5979bad208db274d36f455edc3293c1ba872390800ebee11f35ef?s=96&d=mm&r=g\",\"caption\":\"Laurent Etienne\"},\"sameAs\":[\"https:\\\/\\\/kaptivatv.net\\\/mgradio\"],\"url\":\"https:\\\/\\\/mgradio.be\\\/index.php\\\/author\\\/laurent-etienne\\\/\"}]}<\/script>\n<!-- \/ Yoast SEO plugin. -->","yoast_head_json":{"title":"MG RADIO | C'est la rentr\u00e9e !!! - MG RADIO","robots":{"index":"index","follow":"follow","max-snippet":"max-snippet:-1","max-image-preview":"max-image-preview:large","max-video-preview":"max-video-preview:-1"},"canonical":"https:\/\/mgradio.be\/index.php\/2025\/09\/15\/mg-radio-cest-la-rentree\/","og_locale":"fr_FR","og_type":"article","og_title":"MG RADIO | C'est la rentr\u00e9e !!! - MG RADIO","og_description":"Ce Lundi 15 Septembre marque la rentr\u00e9e de MG RADIO avec de nouveaux programmes ! Certains \u00e9l\u00e9ments, qui \u00e9taient trop paresseux ou trop \u00e9go\u00efstes, ont [&hellip;]","og_url":"https:\/\/mgradio.be\/index.php\/2025\/09\/15\/mg-radio-cest-la-rentree\/","og_site_name":"MG RADIO","article_publisher":"https:\/\/www.facebook.com\/mgradiobelgique","article_published_time":"2025-09-15T11:46:46+00:00","article_modified_time":"2025-09-15T11:49:09+00:00","og_image":[{"width":612,"height":408,"url":"https:\/\/mgradio.be\/wp-content\/uploads\/2025\/09\/istockphoto-486067220-612x612-1.jpg","type":"image\/jpeg"}],"author":"Laurent Etienne","twitter_card":"summary_large_image","twitter_misc":{"\u00c9crit par":"Laurent Etienne","Dur\u00e9e de lecture est.":"2 minutes"},"schema":{"@context":"https:\/\/schema.org","@graph":[{"@type":"Article","@id":"https:\/\/mgradio.be\/index.php\/2025\/09\/15\/mg-radio-cest-la-rentree\/#article","isPartOf":{"@id":"https:\/\/mgradio.be\/index.php\/2025\/09\/15\/mg-radio-cest-la-rentree\/"},"author":{"name":"Laurent Etienne","@id":"https:\/\/mgradio.be\/#\/schema\/person\/507e7e00f60eea3fbf12200b21c5ad01"},"headline":"MG RADIO | C&rsquo;est la rentr\u00e9e !!!","datePublished":"2025-09-15T11:46:46+00:00","dateModified":"2025-09-15T11:49:09+00:00","mainEntityOfPage":{"@id":"https:\/\/mgradio.be\/index.php\/2025\/09\/15\/mg-radio-cest-la-rentree\/"},"wordCount":302,"commentCount":0,"publisher":{"@id":"https:\/\/mgradio.be\/#organization"},"image":{"@id":"https:\/\/mgradio.be\/index.php\/2025\/09\/15\/mg-radio-cest-la-rentree\/#primaryimage"},"thumbnailUrl":"https:\/\/mgradio.be\/wp-content\/uploads\/2025\/09\/istockphoto-486067220-612x612-1.jpg","keywords":["britishconnection","frequencetropiques","harylavital","laurentdelfau","laurentetienne","mgradio","philippe","rentr\u00e9e"],"articleSection":["EMISSIONS","NEWS","SORTIES"],"inLanguage":"fr-BE","potentialAction":[{"@type":"CommentAction","name":"Comment","target":["https:\/\/mgradio.be\/index.php\/2025\/09\/15\/mg-radio-cest-la-rentree\/#respond"]}]},{"@type":"WebPage","@id":"https:\/\/mgradio.be\/index.php\/2025\/09\/15\/mg-radio-cest-la-rentree\/","url":"https:\/\/mgradio.be\/index.php\/2025\/09\/15\/mg-radio-cest-la-rentree\/","name":"MG RADIO | C'est la rentr\u00e9e !!! - MG RADIO","isPartOf":{"@id":"https:\/\/mgradio.be\/#website"},"primaryImageOfPage":{"@id":"https:\/\/mgradio.be\/index.php\/2025\/09\/15\/mg-radio-cest-la-rentree\/#primaryimage"},"image":{"@id":"https:\/\/mgradio.be\/index.php\/2025\/09\/15\/mg-radio-cest-la-rentree\/#primaryimage"},"thumbnailUrl":"https:\/\/mgradio.be\/wp-content\/uploads\/2025\/09\/istockphoto-486067220-612x612-1.jpg","datePublished":"2025-09-15T11:46:46+00:00","dateModified":"2025-09-15T11:49:09+00:00","breadcrumb":{"@id":"https:\/\/mgradio.be\/index.php\/2025\/09\/15\/mg-radio-cest-la-rentree\/#breadcrumb"},"inLanguage":"fr-BE","potentialAction":[{"@type":"ReadAction","target":["https:\/\/mgradio.be\/index.php\/2025\/09\/15\/mg-radio-cest-la-rentree\/"]}]},{"@type":"ImageObject","inLanguage":"fr-BE","@id":"https:\/\/mgradio.be\/index.php\/2025\/09\/15\/mg-radio-cest-la-rentree\/#primaryimage","url":"https:\/\/mgradio.be\/wp-content\/uploads\/2025\/09\/istockphoto-486067220-612x612-1.jpg","contentUrl":"https:\/\/mgradio.be\/wp-content\/uploads\/2025\/09\/istockphoto-486067220-612x612-1.jpg","width":612,"height":408,"caption":"a chalkboard with the text cest la rentree, back to school in french written in it, a piece of chalk, an eraser and a red apple on a rustic wooden table, cross processed"},{"@type":"BreadcrumbList","@id":"https:\/\/mgradio.be\/index.php\/2025\/09\/15\/mg-radio-cest-la-rentree\/#breadcrumb","itemListElement":[{"@type":"ListItem","position":1,"name":"Accueil","item":"https:\/\/mgradio.be\/"},{"@type":"ListItem","position":2,"name":"MG RADIO | C&rsquo;est la rentr\u00e9e !!!"}]},{"@type":"WebSite","@id":"https:\/\/mgradio.be\/#website","url":"https:\/\/mgradio.be\/","name":"MG RADIO BELGIQUE","description":"","publisher":{"@id":"https:\/\/mgradio.be\/#organization"},"potentialAction":[{"@type":"SearchAction","target":{"@type":"EntryPoint","urlTemplate":"https:\/\/mgradio.be\/?s={search_term_string}"},"query-input":{"@type":"PropertyValueSpecification","valueRequired":true,"valueName":"search_term_string"}}],"inLanguage":"fr-BE"},{"@type":"Organization","@id":"https:\/\/mgradio.be\/#organization","name":"MG RADIO BELGIQUE","url":"https:\/\/mgradio.be\/","logo":{"@type":"ImageObject","inLanguage":"fr-BE","@id":"https:\/\/mgradio.be\/#\/schema\/logo\/image\/","url":"https:\/\/mgradio.be\/wp-content\/uploads\/2025\/07\/499313877_678853151563626_2649022349240943846_n.jpg","contentUrl":"https:\/\/mgradio.be\/wp-content\/uploads\/2025\/07\/499313877_678853151563626_2649022349240943846_n.jpg","width":1600,"height":1600,"caption":"MG RADIO BELGIQUE"},"image":{"@id":"https:\/\/mgradio.be\/#\/schema\/logo\/image\/"},"sameAs":["https:\/\/www.facebook.com\/mgradiobelgique"]},{"@type":"Person","@id":"https:\/\/mgradio.be\/#\/schema\/person\/507e7e00f60eea3fbf12200b21c5ad01","name":"Laurent Etienne","image":{"@type":"ImageObject","inLanguage":"fr-BE","@id":"https:\/\/secure.gravatar.com\/avatar\/7d460c3feea5979bad208db274d36f455edc3293c1ba872390800ebee11f35ef?s=96&d=mm&r=g","url":"https:\/\/secure.gravatar.com\/avatar\/7d460c3feea5979bad208db274d36f455edc3293c1ba872390800ebee11f35ef?s=96&d=mm&r=g","contentUrl":"https:\/\/secure.gravatar.com\/avatar\/7d460c3feea5979bad208db274d36f455edc3293c1ba872390800ebee11f35ef?s=96&d=mm&r=g","caption":"Laurent Etienne"},"sameAs":["https:\/\/kaptivatv.net\/mgradio"],"url":"https:\/\/mgradio.be\/index.php\/author\/laurent-etienne\/"}]}},"jetpack_publicize_connections":[],"jetpack_featured_media_url":"https:\/\/mgradio.be\/wp-content\/uploads\/2025\/09\/istockphoto-486067220-612x612-1.jpg","jetpack_sharing_enabled":true,"_links":{"self":[{"href":"https:\/\/mgradio.be\/index.php\/wp-json\/wp\/v2\/posts\/203","targetHints":{"allow":["GET"]}}],"collection":[{"href":"https:\/\/mgradio.be\/index.php\/wp-json\/wp\/v2\/posts"}],"about":[{"href":"https:\/\/mgradio.be\/index.php\/wp-json\/wp\/v2\/types\/post"}],"author":[{"embeddable":true,"href":"https:\/\/mgradio.be\/index.php\/wp-json\/wp\/v2\/users\/1"}],"replies":[{"embeddable":true,"href":"https:\/\/mgradio.be\/index.php\/wp-json\/wp\/v2\/comments?post=203"}],"version-history":[{"count":1,"href":"https:\/\/mgradio.be\/index.php\/wp-json\/wp\/v2\/posts\/203\/revisions"}],"predecessor-version":[{"id":206,"href":"https:\/\/mgradio.be\/index.php\/wp-json\/wp\/v2\/posts\/203\/revisions\/206"}],"wp:featuredmedia":[{"embeddable":true,"href":"https:\/\/mgradio.be\/index.php\/wp-json\/wp\/v2\/media\/205"}],"wp:attachment":[{"href":"https:\/\/mgradio.be\/index.php\/wp-json\/wp\/v2\/media?parent=203"}],"wp:term":[{"taxonomy":"category","embeddable":true,"href":"https:\/\/mgradio.be\/index.php\/wp-json\/wp\/v2\/categories?post=203"},{"taxonomy":"post_tag","embeddable":true,"href":"https:\/\/mgradio.be\/index.php\/wp-json\/wp\/v2\/tags?post=203"}],"curies":[{"name":"wp","href":"https:\/\/api.w.org\/{rel}","templated":true}]}}