{"id":209,"date":"2025-09-16T15:32:32","date_gmt":"2025-09-16T13:32:32","guid":{"rendered":"https:\/\/mgradio.be\/?p=209"},"modified":"2025-09-16T15:42:20","modified_gmt":"2025-09-16T13:42:20","slug":"cinestory-carnet-noir-deces-de-robert-redford","status":"publish","type":"post","link":"https:\/\/mgradio.be\/index.php\/2025\/09\/16\/cinestory-carnet-noir-deces-de-robert-redford\/","title":{"rendered":"CINESTORY | Carnet noir : d\u00e9c\u00e8s de Robert Redford"},"content":{"rendered":"\n<p>acteur am\u00e9ricain s\u2019est \u00e9teint \u00e0 l\u2019\u00e2ge de 89&nbsp;ans dans l\u2019Utah, selon le<em>&nbsp;New York Times<\/em>. Robert Redford incarnait une certaine face solaire de l\u2019Am\u00e9rique&nbsp;: \u00e9cologiste, engag\u00e9, ind\u00e9pendant et prosp\u00e8re. <\/p>\n\n\n\n<p>L\u2019acteur a jou\u00e9 dans des grands classiques, comme&nbsp;<em>Butch Cassidy et le Kid<\/em>,&nbsp;<em>L\u2019Arnaque<\/em>&nbsp;ou&nbsp;<em>Les Hommes du pr\u00e9sident<\/em>.<\/p>\n\n\n\n<p class=\"has-text-align-right\">Cr\u00e9dit Photo : Par John Mathew Smith &amp; www.celebrity-photos.com <\/p>\n","protected":false},"excerpt":{"rendered":"<p>acteur am\u00e9ricain s\u2019est \u00e9teint \u00e0 l\u2019\u00e2ge de 89&nbsp;ans dans l\u2019Utah, selon le&nbsp;New York Times. Robert Redford incarnait une certaine face solaire de l\u2019Am\u00e9rique&nbsp;: \u00e9cologiste, engag\u00e9, [&hellip;]<\/p>\n","protected":false},"author":1,"featured_media":210,"comment_status":"open","ping_status":"open","sticky":false,"template":"","format":"standard","meta":{"om_disable_all_campaigns":false,"_jetpack_memberships_contains_paid_content":false,"footnotes":"","jetpack_publicize_message":"","jetpack_publicize_feature_enabled":true,"jetpack_social_post_already_shared":true,"jetpack_social_options":{"image_generator_settings":{"template":"highway","default_image_id":0,"font":"","enabled":false},"version":2}},"categories":[23],"tags":[142,82,141],"class_list":["post-209","post","type-post","status-publish","format-standard","has-post-thumbnail","hentry","category-cinestory","tag-carnet-noir","tag-deces","tag-robert-redford"],"yoast_head":"<!-- This site is optimized with the Yoast SEO plugin v27.5 - https:\/\/yoast.com\/product\/yoast-seo-wordpress\/ -->\n<title>CINESTORY | Carnet noir : d\u00e9c\u00e8s de Robert Redford - MG RADIO<\/title>\n<meta name=\"robots\" content=\"index, follow, max-snippet:-1, max-image-preview:large, max-video-preview:-1\" \/>\n<link rel=\"canonical\" href=\"https:\/\/mgradio.be\/index.php\/2025\/09\/16\/cinestory-carnet-noir-deces-de-robert-redford\/\" \/>\n<meta property=\"og:locale\" content=\"fr_FR\" \/>\n<meta property=\"og:type\" content=\"article\" \/>\n<meta property=\"og:title\" content=\"CINESTORY | Carnet noir : d\u00e9c\u00e8s de Robert Redford - MG RADIO\" \/>\n<meta property=\"og:description\" content=\"acteur am\u00e9ricain s\u2019est \u00e9teint \u00e0 l\u2019\u00e2ge de 89&nbsp;ans dans l\u2019Utah, selon le&nbsp;New York Times. Robert Redford incarnait une certaine face solaire de l\u2019Am\u00e9rique&nbsp;: \u00e9cologiste, engag\u00e9, [&hellip;]\" \/>\n<meta property=\"og:url\" content=\"https:\/\/mgradio.be\/index.php\/2025\/09\/16\/cinestory-carnet-noir-deces-de-robert-redford\/\" \/>\n<meta property=\"og:site_name\" content=\"MG RADIO\" \/>\n<meta property=\"article:publisher\" content=\"https:\/\/www.facebook.com\/mgradiobelgique\" \/>\n<meta property=\"article:published_time\" content=\"2025-09-16T13:32:32+00:00\" \/>\n<meta property=\"article:modified_time\" content=\"2025-09-16T13:42:20+00:00\" \/>\n<meta property=\"og:image\" content=\"https:\/\/mgradio.be\/wp-content\/uploads\/2025\/09\/Robert_Redford_2.jpg\" \/>\n\t<meta property=\"og:image:width\" content=\"353\" \/>\n\t<meta property=\"og:image:height\" content=\"523\" \/>\n\t<meta property=\"og:image:type\" content=\"image\/jpeg\" \/>\n<meta name=\"author\" content=\"Laurent Etienne\" \/>\n<meta name=\"twitter:card\" content=\"summary_large_image\" \/>\n<meta name=\"twitter:label1\" content=\"\u00c9crit par\" \/>\n\t<meta name=\"twitter:data1\" content=\"Laurent Etienne\" \/>\n\t<meta name=\"twitter:label2\" content=\"Dur\u00e9e de lecture est.\" \/>\n\t<meta name=\"twitter:data2\" content=\"1 minute\" \/>\n<script type=\"application\/ld+json\" class=\"yoast-schema-graph\">{\"@context\":\"https:\\\/\\\/schema.org\",\"@graph\":[{\"@type\":\"Article\",\"@id\":\"https:\\\/\\\/mgradio.be\\\/index.php\\\/2025\\\/09\\\/16\\\/cinestory-carnet-noir-deces-de-robert-redford\\\/#article\",\"isPartOf\":{\"@id\":\"https:\\\/\\\/mgradio.be\\\/index.php\\\/2025\\\/09\\\/16\\\/cinestory-carnet-noir-deces-de-robert-redford\\\/\"},\"author\":{\"name\":\"Laurent Etienne\",\"@id\":\"https:\\\/\\\/mgradio.be\\\/#\\\/schema\\\/person\\\/507e7e00f60eea3fbf12200b21c5ad01\"},\"headline\":\"CINESTORY | Carnet noir : d\u00e9c\u00e8s de Robert Redford\",\"datePublished\":\"2025-09-16T13:32:32+00:00\",\"dateModified\":\"2025-09-16T13:42:20+00:00\",\"mainEntityOfPage\":{\"@id\":\"https:\\\/\\\/mgradio.be\\\/index.php\\\/2025\\\/09\\\/16\\\/cinestory-carnet-noir-deces-de-robert-redford\\\/\"},\"wordCount\":85,\"commentCount\":0,\"publisher\":{\"@id\":\"https:\\\/\\\/mgradio.be\\\/#organization\"},\"image\":{\"@id\":\"https:\\\/\\\/mgradio.be\\\/index.php\\\/2025\\\/09\\\/16\\\/cinestory-carnet-noir-deces-de-robert-redford\\\/#primaryimage\"},\"thumbnailUrl\":\"https:\\\/\\\/mgradio.be\\\/wp-content\\\/uploads\\\/2025\\\/09\\\/Robert_Redford_2.jpg\",\"keywords\":[\"carnet noir\",\"d\u00e9c\u00e8s\",\"robert redford\"],\"articleSection\":[\"CINESTORY\"],\"inLanguage\":\"fr-BE\",\"potentialAction\":[{\"@type\":\"CommentAction\",\"name\":\"Comment\",\"target\":[\"https:\\\/\\\/mgradio.be\\\/index.php\\\/2025\\\/09\\\/16\\\/cinestory-carnet-noir-deces-de-robert-redford\\\/#respond\"]}]},{\"@type\":\"WebPage\",\"@id\":\"https:\\\/\\\/mgradio.be\\\/index.php\\\/2025\\\/09\\\/16\\\/cinestory-carnet-noir-deces-de-robert-redford\\\/\",\"url\":\"https:\\\/\\\/mgradio.be\\\/index.php\\\/2025\\\/09\\\/16\\\/cinestory-carnet-noir-deces-de-robert-redford\\\/\",\"name\":\"CINESTORY | Carnet noir : d\u00e9c\u00e8s de Robert Redford - MG RADIO\",\"isPartOf\":{\"@id\":\"https:\\\/\\\/mgradio.be\\\/#website\"},\"primaryImageOfPage\":{\"@id\":\"https:\\\/\\\/mgradio.be\\\/index.php\\\/2025\\\/09\\\/16\\\/cinestory-carnet-noir-deces-de-robert-redford\\\/#primaryimage\"},\"image\":{\"@id\":\"https:\\\/\\\/mgradio.be\\\/index.php\\\/2025\\\/09\\\/16\\\/cinestory-carnet-noir-deces-de-robert-redford\\\/#primaryimage\"},\"thumbnailUrl\":\"https:\\\/\\\/mgradio.be\\\/wp-content\\\/uploads\\\/2025\\\/09\\\/Robert_Redford_2.jpg\",\"datePublished\":\"2025-09-16T13:32:32+00:00\",\"dateModified\":\"2025-09-16T13:42:20+00:00\",\"breadcrumb\":{\"@id\":\"https:\\\/\\\/mgradio.be\\\/index.php\\\/2025\\\/09\\\/16\\\/cinestory-carnet-noir-deces-de-robert-redford\\\/#breadcrumb\"},\"inLanguage\":\"fr-BE\",\"potentialAction\":[{\"@type\":\"ReadAction\",\"target\":[\"https:\\\/\\\/mgradio.be\\\/index.php\\\/2025\\\/09\\\/16\\\/cinestory-carnet-noir-deces-de-robert-redford\\\/\"]}]},{\"@type\":\"ImageObject\",\"inLanguage\":\"fr-BE\",\"@id\":\"https:\\\/\\\/mgradio.be\\\/index.php\\\/2025\\\/09\\\/16\\\/cinestory-carnet-noir-deces-de-robert-redford\\\/#primaryimage\",\"url\":\"https:\\\/\\\/mgradio.be\\\/wp-content\\\/uploads\\\/2025\\\/09\\\/Robert_Redford_2.jpg\",\"contentUrl\":\"https:\\\/\\\/mgradio.be\\\/wp-content\\\/uploads\\\/2025\\\/09\\\/Robert_Redford_2.jpg\",\"width\":353,\"height\":523},{\"@type\":\"BreadcrumbList\",\"@id\":\"https:\\\/\\\/mgradio.be\\\/index.php\\\/2025\\\/09\\\/16\\\/cinestory-carnet-noir-deces-de-robert-redford\\\/#breadcrumb\",\"itemListElement\":[{\"@type\":\"ListItem\",\"position\":1,\"name\":\"Accueil\",\"item\":\"https:\\\/\\\/mgradio.be\\\/\"},{\"@type\":\"ListItem\",\"position\":2,\"name\":\"CINESTORY | Carnet noir : d\u00e9c\u00e8s de Robert Redford\"}]},{\"@type\":\"WebSite\",\"@id\":\"https:\\\/\\\/mgradio.be\\\/#website\",\"url\":\"https:\\\/\\\/mgradio.be\\\/\",\"name\":\"MG RADIO BELGIQUE\",\"description\":\"\",\"publisher\":{\"@id\":\"https:\\\/\\\/mgradio.be\\\/#organization\"},\"potentialAction\":[{\"@type\":\"SearchAction\",\"target\":{\"@type\":\"EntryPoint\",\"urlTemplate\":\"https:\\\/\\\/mgradio.be\\\/?s={search_term_string}\"},\"query-input\":{\"@type\":\"PropertyValueSpecification\",\"valueRequired\":true,\"valueName\":\"search_term_string\"}}],\"inLanguage\":\"fr-BE\"},{\"@type\":\"Organization\",\"@id\":\"https:\\\/\\\/mgradio.be\\\/#organization\",\"name\":\"MG RADIO BELGIQUE\",\"url\":\"https:\\\/\\\/mgradio.be\\\/\",\"logo\":{\"@type\":\"ImageObject\",\"inLanguage\":\"fr-BE\",\"@id\":\"https:\\\/\\\/mgradio.be\\\/#\\\/schema\\\/logo\\\/image\\\/\",\"url\":\"https:\\\/\\\/mgradio.be\\\/wp-content\\\/uploads\\\/2025\\\/07\\\/499313877_678853151563626_2649022349240943846_n.jpg\",\"contentUrl\":\"https:\\\/\\\/mgradio.be\\\/wp-content\\\/uploads\\\/2025\\\/07\\\/499313877_678853151563626_2649022349240943846_n.jpg\",\"width\":1600,\"height\":1600,\"caption\":\"MG RADIO BELGIQUE\"},\"image\":{\"@id\":\"https:\\\/\\\/mgradio.be\\\/#\\\/schema\\\/logo\\\/image\\\/\"},\"sameAs\":[\"https:\\\/\\\/www.facebook.com\\\/mgradiobelgique\"]},{\"@type\":\"Person\",\"@id\":\"https:\\\/\\\/mgradio.be\\\/#\\\/schema\\\/person\\\/507e7e00f60eea3fbf12200b21c5ad01\",\"name\":\"Laurent Etienne\",\"image\":{\"@type\":\"ImageObject\",\"inLanguage\":\"fr-BE\",\"@id\":\"https:\\\/\\\/secure.gravatar.com\\\/avatar\\\/7d460c3feea5979bad208db274d36f455edc3293c1ba872390800ebee11f35ef?s=96&d=mm&r=g\",\"url\":\"https:\\\/\\\/secure.gravatar.com\\\/avatar\\\/7d460c3feea5979bad208db274d36f455edc3293c1ba872390800ebee11f35ef?s=96&d=mm&r=g\",\"contentUrl\":\"https:\\\/\\\/secure.gravatar.com\\\/avatar\\\/7d460c3feea5979bad208db274d36f455edc3293c1ba872390800ebee11f35ef?s=96&d=mm&r=g\",\"caption\":\"Laurent Etienne\"},\"sameAs\":[\"https:\\\/\\\/kaptivatv.net\\\/mgradio\"],\"url\":\"https:\\\/\\\/mgradio.be\\\/index.php\\\/author\\\/laurent-etienne\\\/\"}]}<\/script>\n<!-- \/ Yoast SEO plugin. -->","yoast_head_json":{"title":"CINESTORY | Carnet noir : d\u00e9c\u00e8s de Robert Redford - MG RADIO","robots":{"index":"index","follow":"follow","max-snippet":"max-snippet:-1","max-image-preview":"max-image-preview:large","max-video-preview":"max-video-preview:-1"},"canonical":"https:\/\/mgradio.be\/index.php\/2025\/09\/16\/cinestory-carnet-noir-deces-de-robert-redford\/","og_locale":"fr_FR","og_type":"article","og_title":"CINESTORY | Carnet noir : d\u00e9c\u00e8s de Robert Redford - MG RADIO","og_description":"acteur am\u00e9ricain s\u2019est \u00e9teint \u00e0 l\u2019\u00e2ge de 89&nbsp;ans dans l\u2019Utah, selon le&nbsp;New York Times. Robert Redford incarnait une certaine face solaire de l\u2019Am\u00e9rique&nbsp;: \u00e9cologiste, engag\u00e9, [&hellip;]","og_url":"https:\/\/mgradio.be\/index.php\/2025\/09\/16\/cinestory-carnet-noir-deces-de-robert-redford\/","og_site_name":"MG RADIO","article_publisher":"https:\/\/www.facebook.com\/mgradiobelgique","article_published_time":"2025-09-16T13:32:32+00:00","article_modified_time":"2025-09-16T13:42:20+00:00","og_image":[{"width":353,"height":523,"url":"https:\/\/mgradio.be\/wp-content\/uploads\/2025\/09\/Robert_Redford_2.jpg","type":"image\/jpeg"}],"author":"Laurent Etienne","twitter_card":"summary_large_image","twitter_misc":{"\u00c9crit par":"Laurent Etienne","Dur\u00e9e de lecture est.":"1 minute"},"schema":{"@context":"https:\/\/schema.org","@graph":[{"@type":"Article","@id":"https:\/\/mgradio.be\/index.php\/2025\/09\/16\/cinestory-carnet-noir-deces-de-robert-redford\/#article","isPartOf":{"@id":"https:\/\/mgradio.be\/index.php\/2025\/09\/16\/cinestory-carnet-noir-deces-de-robert-redford\/"},"author":{"name":"Laurent Etienne","@id":"https:\/\/mgradio.be\/#\/schema\/person\/507e7e00f60eea3fbf12200b21c5ad01"},"headline":"CINESTORY | Carnet noir : d\u00e9c\u00e8s de Robert Redford","datePublished":"2025-09-16T13:32:32+00:00","dateModified":"2025-09-16T13:42:20+00:00","mainEntityOfPage":{"@id":"https:\/\/mgradio.be\/index.php\/2025\/09\/16\/cinestory-carnet-noir-deces-de-robert-redford\/"},"wordCount":85,"commentCount":0,"publisher":{"@id":"https:\/\/mgradio.be\/#organization"},"image":{"@id":"https:\/\/mgradio.be\/index.php\/2025\/09\/16\/cinestory-carnet-noir-deces-de-robert-redford\/#primaryimage"},"thumbnailUrl":"https:\/\/mgradio.be\/wp-content\/uploads\/2025\/09\/Robert_Redford_2.jpg","keywords":["carnet noir","d\u00e9c\u00e8s","robert redford"],"articleSection":["CINESTORY"],"inLanguage":"fr-BE","potentialAction":[{"@type":"CommentAction","name":"Comment","target":["https:\/\/mgradio.be\/index.php\/2025\/09\/16\/cinestory-carnet-noir-deces-de-robert-redford\/#respond"]}]},{"@type":"WebPage","@id":"https:\/\/mgradio.be\/index.php\/2025\/09\/16\/cinestory-carnet-noir-deces-de-robert-redford\/","url":"https:\/\/mgradio.be\/index.php\/2025\/09\/16\/cinestory-carnet-noir-deces-de-robert-redford\/","name":"CINESTORY | Carnet noir : d\u00e9c\u00e8s de Robert Redford - MG RADIO","isPartOf":{"@id":"https:\/\/mgradio.be\/#website"},"primaryImageOfPage":{"@id":"https:\/\/mgradio.be\/index.php\/2025\/09\/16\/cinestory-carnet-noir-deces-de-robert-redford\/#primaryimage"},"image":{"@id":"https:\/\/mgradio.be\/index.php\/2025\/09\/16\/cinestory-carnet-noir-deces-de-robert-redford\/#primaryimage"},"thumbnailUrl":"https:\/\/mgradio.be\/wp-content\/uploads\/2025\/09\/Robert_Redford_2.jpg","datePublished":"2025-09-16T13:32:32+00:00","dateModified":"2025-09-16T13:42:20+00:00","breadcrumb":{"@id":"https:\/\/mgradio.be\/index.php\/2025\/09\/16\/cinestory-carnet-noir-deces-de-robert-redford\/#breadcrumb"},"inLanguage":"fr-BE","potentialAction":[{"@type":"ReadAction","target":["https:\/\/mgradio.be\/index.php\/2025\/09\/16\/cinestory-carnet-noir-deces-de-robert-redford\/"]}]},{"@type":"ImageObject","inLanguage":"fr-BE","@id":"https:\/\/mgradio.be\/index.php\/2025\/09\/16\/cinestory-carnet-noir-deces-de-robert-redford\/#primaryimage","url":"https:\/\/mgradio.be\/wp-content\/uploads\/2025\/09\/Robert_Redford_2.jpg","contentUrl":"https:\/\/mgradio.be\/wp-content\/uploads\/2025\/09\/Robert_Redford_2.jpg","width":353,"height":523},{"@type":"BreadcrumbList","@id":"https:\/\/mgradio.be\/index.php\/2025\/09\/16\/cinestory-carnet-noir-deces-de-robert-redford\/#breadcrumb","itemListElement":[{"@type":"ListItem","position":1,"name":"Accueil","item":"https:\/\/mgradio.be\/"},{"@type":"ListItem","position":2,"name":"CINESTORY | Carnet noir : d\u00e9c\u00e8s de Robert Redford"}]},{"@type":"WebSite","@id":"https:\/\/mgradio.be\/#website","url":"https:\/\/mgradio.be\/","name":"MG RADIO BELGIQUE","description":"","publisher":{"@id":"https:\/\/mgradio.be\/#organization"},"potentialAction":[{"@type":"SearchAction","target":{"@type":"EntryPoint","urlTemplate":"https:\/\/mgradio.be\/?s={search_term_string}"},"query-input":{"@type":"PropertyValueSpecification","valueRequired":true,"valueName":"search_term_string"}}],"inLanguage":"fr-BE"},{"@type":"Organization","@id":"https:\/\/mgradio.be\/#organization","name":"MG RADIO BELGIQUE","url":"https:\/\/mgradio.be\/","logo":{"@type":"ImageObject","inLanguage":"fr-BE","@id":"https:\/\/mgradio.be\/#\/schema\/logo\/image\/","url":"https:\/\/mgradio.be\/wp-content\/uploads\/2025\/07\/499313877_678853151563626_2649022349240943846_n.jpg","contentUrl":"https:\/\/mgradio.be\/wp-content\/uploads\/2025\/07\/499313877_678853151563626_2649022349240943846_n.jpg","width":1600,"height":1600,"caption":"MG RADIO BELGIQUE"},"image":{"@id":"https:\/\/mgradio.be\/#\/schema\/logo\/image\/"},"sameAs":["https:\/\/www.facebook.com\/mgradiobelgique"]},{"@type":"Person","@id":"https:\/\/mgradio.be\/#\/schema\/person\/507e7e00f60eea3fbf12200b21c5ad01","name":"Laurent Etienne","image":{"@type":"ImageObject","inLanguage":"fr-BE","@id":"https:\/\/secure.gravatar.com\/avatar\/7d460c3feea5979bad208db274d36f455edc3293c1ba872390800ebee11f35ef?s=96&d=mm&r=g","url":"https:\/\/secure.gravatar.com\/avatar\/7d460c3feea5979bad208db274d36f455edc3293c1ba872390800ebee11f35ef?s=96&d=mm&r=g","contentUrl":"https:\/\/secure.gravatar.com\/avatar\/7d460c3feea5979bad208db274d36f455edc3293c1ba872390800ebee11f35ef?s=96&d=mm&r=g","caption":"Laurent Etienne"},"sameAs":["https:\/\/kaptivatv.net\/mgradio"],"url":"https:\/\/mgradio.be\/index.php\/author\/laurent-etienne\/"}]}},"jetpack_publicize_connections":[],"jetpack_featured_media_url":"https:\/\/mgradio.be\/wp-content\/uploads\/2025\/09\/Robert_Redford_2.jpg","jetpack_sharing_enabled":true,"_links":{"self":[{"href":"https:\/\/mgradio.be\/index.php\/wp-json\/wp\/v2\/posts\/209","targetHints":{"allow":["GET"]}}],"collection":[{"href":"https:\/\/mgradio.be\/index.php\/wp-json\/wp\/v2\/posts"}],"about":[{"href":"https:\/\/mgradio.be\/index.php\/wp-json\/wp\/v2\/types\/post"}],"author":[{"embeddable":true,"href":"https:\/\/mgradio.be\/index.php\/wp-json\/wp\/v2\/users\/1"}],"replies":[{"embeddable":true,"href":"https:\/\/mgradio.be\/index.php\/wp-json\/wp\/v2\/comments?post=209"}],"version-history":[{"count":1,"href":"https:\/\/mgradio.be\/index.php\/wp-json\/wp\/v2\/posts\/209\/revisions"}],"predecessor-version":[{"id":211,"href":"https:\/\/mgradio.be\/index.php\/wp-json\/wp\/v2\/posts\/209\/revisions\/211"}],"wp:featuredmedia":[{"embeddable":true,"href":"https:\/\/mgradio.be\/index.php\/wp-json\/wp\/v2\/media\/210"}],"wp:attachment":[{"href":"https:\/\/mgradio.be\/index.php\/wp-json\/wp\/v2\/media?parent=209"}],"wp:term":[{"taxonomy":"category","embeddable":true,"href":"https:\/\/mgradio.be\/index.php\/wp-json\/wp\/v2\/categories?post=209"},{"taxonomy":"post_tag","embeddable":true,"href":"https:\/\/mgradio.be\/index.php\/wp-json\/wp\/v2\/tags?post=209"}],"curies":[{"name":"wp","href":"https:\/\/api.w.org\/{rel}","templated":true}]}}