{"id":266,"date":"2025-11-19T14:11:54","date_gmt":"2025-11-19T13:11:54","guid":{"rendered":"https:\/\/mgradio.be\/?p=266"},"modified":"2025-11-19T14:15:47","modified_gmt":"2025-11-19T13:15:47","slug":"cinestory-sortie-cette-semaine-la-voix-de-hind-rajab","status":"publish","type":"post","link":"https:\/\/mgradio.be\/index.php\/2025\/11\/19\/cinestory-sortie-cette-semaine-la-voix-de-hind-rajab\/","title":{"rendered":"CINESTORY | SORTIE CETTE SEMAINE | LA VOIX DE HIND RAJAB"},"content":{"rendered":"\n<p>un film de&nbsp;<strong>Kaouther Ben Hania<\/strong><\/p>\n\n\n\n<figure class=\"wp-block-image size-large\"><img decoding=\"async\" src=\"https:\/\/cinestory440201082.wordpress.com\/wp-content\/uploads\/2025\/11\/unnamed-1.gif?w=1024\" alt=\"\" class=\"wp-image-417\"\/><\/figure>\n\n\n\n<p>29 janvier 2024. Hind Rajab, une fillette de six ans pi\u00e9g\u00e9e dans une voiture sous les tirs \u00e0 Gaza, lance un appel d&rsquo;urgence et implore qu\u2019on vienne la secourir. Avec LA VOIX DE HIND RAJAB, Kaouther Ben Hania rend tangible la tentative des travailleurs du Croissant-Rouge de sauver la vie de Hind. Une histoire vraie \u00e0 la port\u00e9e universelle.<\/p>\n\n\n\n<p class=\"has-text-align-center\">\u2605\u2605\u2605\u2605<br>Un film&nbsp;<strong>d&rsquo;une force incroyable<\/strong>.<br>La Libre<br><br>\u2605\u2605\u2605\u2605<br>Un film<strong>&nbsp;coup de poing<\/strong>.<br>L&rsquo;Avenir<br><br>\u2605\u2605\u2605\u2605<br>Un film entre r\u00e9alit\u00e9 et fiction en forme de geste&nbsp;<strong>politique<\/strong>&nbsp;et&nbsp;<strong>humain<\/strong>.<br>Le Soir<br><br>\u2605\u2605\u2605\u2605<br>Une oeuvre<strong>&nbsp;importante<\/strong>.<br>Moustique<br><br>\u2605\u2605\u2605\u2605<br><strong>Puissant<\/strong>&nbsp;et&nbsp;<strong>bouleversant<\/strong>, mais aussi n\u00e9cessaire.<br>A day at the movies<\/p>\n","protected":false},"excerpt":{"rendered":"<p>un film de&nbsp;Kaouther Ben Hania 29 janvier 2024. Hind Rajab, une fillette de six ans pi\u00e9g\u00e9e dans une voiture sous les tirs \u00e0 Gaza, lance [&hellip;]<\/p>\n","protected":false},"author":1,"featured_media":60,"comment_status":"open","ping_status":"open","sticky":false,"template":"","format":"standard","meta":{"om_disable_all_campaigns":false,"_jetpack_memberships_contains_paid_content":false,"footnotes":"","jetpack_publicize_message":"","jetpack_publicize_feature_enabled":true,"jetpack_social_post_already_shared":true,"jetpack_social_options":{"image_generator_settings":{"template":"highway","default_image_id":0,"font":"","enabled":false},"version":2}},"categories":[23,9,3,76],"tags":[173,175],"class_list":["post-266","post","type-post","status-publish","format-standard","has-post-thumbnail","hentry","category-cinestory","category-emissions","category-news","category-sorties","tag-cinema-2","tag-hind-rajab"],"yoast_head":"<!-- This site is optimized with the Yoast SEO plugin v27.5 - https:\/\/yoast.com\/product\/yoast-seo-wordpress\/ -->\n<title>CINESTORY | SORTIE CETTE SEMAINE | LA VOIX DE HIND RAJAB - MG RADIO<\/title>\n<meta name=\"robots\" content=\"index, follow, max-snippet:-1, max-image-preview:large, max-video-preview:-1\" \/>\n<link rel=\"canonical\" href=\"https:\/\/mgradio.be\/index.php\/2025\/11\/19\/cinestory-sortie-cette-semaine-la-voix-de-hind-rajab\/\" \/>\n<meta property=\"og:locale\" content=\"fr_FR\" \/>\n<meta property=\"og:type\" content=\"article\" \/>\n<meta property=\"og:title\" content=\"CINESTORY | SORTIE CETTE SEMAINE | LA VOIX DE HIND RAJAB - MG RADIO\" \/>\n<meta property=\"og:description\" content=\"un film de&nbsp;Kaouther Ben Hania 29 janvier 2024. Hind Rajab, une fillette de six ans pi\u00e9g\u00e9e dans une voiture sous les tirs \u00e0 Gaza, lance [&hellip;]\" \/>\n<meta property=\"og:url\" content=\"https:\/\/mgradio.be\/index.php\/2025\/11\/19\/cinestory-sortie-cette-semaine-la-voix-de-hind-rajab\/\" \/>\n<meta property=\"og:site_name\" content=\"MG RADIO\" \/>\n<meta property=\"article:publisher\" content=\"https:\/\/www.facebook.com\/mgradiobelgique\" \/>\n<meta property=\"article:published_time\" content=\"2025-11-19T13:11:54+00:00\" \/>\n<meta property=\"article:modified_time\" content=\"2025-11-19T13:15:47+00:00\" \/>\n<meta property=\"og:image\" content=\"https:\/\/mgradio.be\/wp-content\/uploads\/2025\/07\/cinestory-scaled.png\" \/>\n\t<meta property=\"og:image:width\" content=\"2560\" \/>\n\t<meta property=\"og:image:height\" content=\"900\" \/>\n\t<meta property=\"og:image:type\" content=\"image\/png\" \/>\n<meta name=\"author\" content=\"Laurent Etienne\" \/>\n<meta name=\"twitter:card\" content=\"summary_large_image\" \/>\n<meta name=\"twitter:label1\" content=\"\u00c9crit par\" \/>\n\t<meta name=\"twitter:data1\" content=\"Laurent Etienne\" \/>\n\t<meta name=\"twitter:label2\" content=\"Dur\u00e9e de lecture est.\" \/>\n\t<meta name=\"twitter:data2\" content=\"1 minute\" \/>\n<script type=\"application\/ld+json\" class=\"yoast-schema-graph\">{\"@context\":\"https:\\\/\\\/schema.org\",\"@graph\":[{\"@type\":\"Article\",\"@id\":\"https:\\\/\\\/mgradio.be\\\/index.php\\\/2025\\\/11\\\/19\\\/cinestory-sortie-cette-semaine-la-voix-de-hind-rajab\\\/#article\",\"isPartOf\":{\"@id\":\"https:\\\/\\\/mgradio.be\\\/index.php\\\/2025\\\/11\\\/19\\\/cinestory-sortie-cette-semaine-la-voix-de-hind-rajab\\\/\"},\"author\":{\"name\":\"Laurent Etienne\",\"@id\":\"https:\\\/\\\/mgradio.be\\\/#\\\/schema\\\/person\\\/507e7e00f60eea3fbf12200b21c5ad01\"},\"headline\":\"CINESTORY | SORTIE CETTE SEMAINE | LA VOIX DE HIND RAJAB\",\"datePublished\":\"2025-11-19T13:11:54+00:00\",\"dateModified\":\"2025-11-19T13:15:47+00:00\",\"mainEntityOfPage\":{\"@id\":\"https:\\\/\\\/mgradio.be\\\/index.php\\\/2025\\\/11\\\/19\\\/cinestory-sortie-cette-semaine-la-voix-de-hind-rajab\\\/\"},\"wordCount\":128,\"commentCount\":0,\"publisher\":{\"@id\":\"https:\\\/\\\/mgradio.be\\\/#organization\"},\"image\":{\"@id\":\"https:\\\/\\\/mgradio.be\\\/index.php\\\/2025\\\/11\\\/19\\\/cinestory-sortie-cette-semaine-la-voix-de-hind-rajab\\\/#primaryimage\"},\"thumbnailUrl\":\"https:\\\/\\\/mgradio.be\\\/wp-content\\\/uploads\\\/2025\\\/07\\\/cinestory-scaled.png\",\"keywords\":[\"cinema\",\"HIND RAJAB\"],\"articleSection\":[\"CINESTORY\",\"EMISSIONS\",\"NEWS\",\"SORTIES\"],\"inLanguage\":\"fr-BE\",\"potentialAction\":[{\"@type\":\"CommentAction\",\"name\":\"Comment\",\"target\":[\"https:\\\/\\\/mgradio.be\\\/index.php\\\/2025\\\/11\\\/19\\\/cinestory-sortie-cette-semaine-la-voix-de-hind-rajab\\\/#respond\"]}]},{\"@type\":\"WebPage\",\"@id\":\"https:\\\/\\\/mgradio.be\\\/index.php\\\/2025\\\/11\\\/19\\\/cinestory-sortie-cette-semaine-la-voix-de-hind-rajab\\\/\",\"url\":\"https:\\\/\\\/mgradio.be\\\/index.php\\\/2025\\\/11\\\/19\\\/cinestory-sortie-cette-semaine-la-voix-de-hind-rajab\\\/\",\"name\":\"CINESTORY | SORTIE CETTE SEMAINE | LA VOIX DE HIND RAJAB - MG RADIO\",\"isPartOf\":{\"@id\":\"https:\\\/\\\/mgradio.be\\\/#website\"},\"primaryImageOfPage\":{\"@id\":\"https:\\\/\\\/mgradio.be\\\/index.php\\\/2025\\\/11\\\/19\\\/cinestory-sortie-cette-semaine-la-voix-de-hind-rajab\\\/#primaryimage\"},\"image\":{\"@id\":\"https:\\\/\\\/mgradio.be\\\/index.php\\\/2025\\\/11\\\/19\\\/cinestory-sortie-cette-semaine-la-voix-de-hind-rajab\\\/#primaryimage\"},\"thumbnailUrl\":\"https:\\\/\\\/mgradio.be\\\/wp-content\\\/uploads\\\/2025\\\/07\\\/cinestory-scaled.png\",\"datePublished\":\"2025-11-19T13:11:54+00:00\",\"dateModified\":\"2025-11-19T13:15:47+00:00\",\"breadcrumb\":{\"@id\":\"https:\\\/\\\/mgradio.be\\\/index.php\\\/2025\\\/11\\\/19\\\/cinestory-sortie-cette-semaine-la-voix-de-hind-rajab\\\/#breadcrumb\"},\"inLanguage\":\"fr-BE\",\"potentialAction\":[{\"@type\":\"ReadAction\",\"target\":[\"https:\\\/\\\/mgradio.be\\\/index.php\\\/2025\\\/11\\\/19\\\/cinestory-sortie-cette-semaine-la-voix-de-hind-rajab\\\/\"]}]},{\"@type\":\"ImageObject\",\"inLanguage\":\"fr-BE\",\"@id\":\"https:\\\/\\\/mgradio.be\\\/index.php\\\/2025\\\/11\\\/19\\\/cinestory-sortie-cette-semaine-la-voix-de-hind-rajab\\\/#primaryimage\",\"url\":\"https:\\\/\\\/mgradio.be\\\/wp-content\\\/uploads\\\/2025\\\/07\\\/cinestory-scaled.png\",\"contentUrl\":\"https:\\\/\\\/mgradio.be\\\/wp-content\\\/uploads\\\/2025\\\/07\\\/cinestory-scaled.png\",\"width\":2560,\"height\":900},{\"@type\":\"BreadcrumbList\",\"@id\":\"https:\\\/\\\/mgradio.be\\\/index.php\\\/2025\\\/11\\\/19\\\/cinestory-sortie-cette-semaine-la-voix-de-hind-rajab\\\/#breadcrumb\",\"itemListElement\":[{\"@type\":\"ListItem\",\"position\":1,\"name\":\"Accueil\",\"item\":\"https:\\\/\\\/mgradio.be\\\/\"},{\"@type\":\"ListItem\",\"position\":2,\"name\":\"CINESTORY | SORTIE CETTE SEMAINE | LA VOIX DE HIND RAJAB\"}]},{\"@type\":\"WebSite\",\"@id\":\"https:\\\/\\\/mgradio.be\\\/#website\",\"url\":\"https:\\\/\\\/mgradio.be\\\/\",\"name\":\"MG RADIO BELGIQUE\",\"description\":\"\",\"publisher\":{\"@id\":\"https:\\\/\\\/mgradio.be\\\/#organization\"},\"potentialAction\":[{\"@type\":\"SearchAction\",\"target\":{\"@type\":\"EntryPoint\",\"urlTemplate\":\"https:\\\/\\\/mgradio.be\\\/?s={search_term_string}\"},\"query-input\":{\"@type\":\"PropertyValueSpecification\",\"valueRequired\":true,\"valueName\":\"search_term_string\"}}],\"inLanguage\":\"fr-BE\"},{\"@type\":\"Organization\",\"@id\":\"https:\\\/\\\/mgradio.be\\\/#organization\",\"name\":\"MG RADIO BELGIQUE\",\"url\":\"https:\\\/\\\/mgradio.be\\\/\",\"logo\":{\"@type\":\"ImageObject\",\"inLanguage\":\"fr-BE\",\"@id\":\"https:\\\/\\\/mgradio.be\\\/#\\\/schema\\\/logo\\\/image\\\/\",\"url\":\"https:\\\/\\\/mgradio.be\\\/wp-content\\\/uploads\\\/2025\\\/07\\\/499313877_678853151563626_2649022349240943846_n.jpg\",\"contentUrl\":\"https:\\\/\\\/mgradio.be\\\/wp-content\\\/uploads\\\/2025\\\/07\\\/499313877_678853151563626_2649022349240943846_n.jpg\",\"width\":1600,\"height\":1600,\"caption\":\"MG RADIO BELGIQUE\"},\"image\":{\"@id\":\"https:\\\/\\\/mgradio.be\\\/#\\\/schema\\\/logo\\\/image\\\/\"},\"sameAs\":[\"https:\\\/\\\/www.facebook.com\\\/mgradiobelgique\"]},{\"@type\":\"Person\",\"@id\":\"https:\\\/\\\/mgradio.be\\\/#\\\/schema\\\/person\\\/507e7e00f60eea3fbf12200b21c5ad01\",\"name\":\"Laurent Etienne\",\"image\":{\"@type\":\"ImageObject\",\"inLanguage\":\"fr-BE\",\"@id\":\"https:\\\/\\\/secure.gravatar.com\\\/avatar\\\/7d460c3feea5979bad208db274d36f455edc3293c1ba872390800ebee11f35ef?s=96&d=mm&r=g\",\"url\":\"https:\\\/\\\/secure.gravatar.com\\\/avatar\\\/7d460c3feea5979bad208db274d36f455edc3293c1ba872390800ebee11f35ef?s=96&d=mm&r=g\",\"contentUrl\":\"https:\\\/\\\/secure.gravatar.com\\\/avatar\\\/7d460c3feea5979bad208db274d36f455edc3293c1ba872390800ebee11f35ef?s=96&d=mm&r=g\",\"caption\":\"Laurent Etienne\"},\"sameAs\":[\"https:\\\/\\\/kaptivatv.net\\\/mgradio\"],\"url\":\"https:\\\/\\\/mgradio.be\\\/index.php\\\/author\\\/laurent-etienne\\\/\"}]}<\/script>\n<!-- \/ Yoast SEO plugin. -->","yoast_head_json":{"title":"CINESTORY | SORTIE CETTE SEMAINE | LA VOIX DE HIND RAJAB - MG RADIO","robots":{"index":"index","follow":"follow","max-snippet":"max-snippet:-1","max-image-preview":"max-image-preview:large","max-video-preview":"max-video-preview:-1"},"canonical":"https:\/\/mgradio.be\/index.php\/2025\/11\/19\/cinestory-sortie-cette-semaine-la-voix-de-hind-rajab\/","og_locale":"fr_FR","og_type":"article","og_title":"CINESTORY | SORTIE CETTE SEMAINE | LA VOIX DE HIND RAJAB - MG RADIO","og_description":"un film de&nbsp;Kaouther Ben Hania 29 janvier 2024. Hind Rajab, une fillette de six ans pi\u00e9g\u00e9e dans une voiture sous les tirs \u00e0 Gaza, lance [&hellip;]","og_url":"https:\/\/mgradio.be\/index.php\/2025\/11\/19\/cinestory-sortie-cette-semaine-la-voix-de-hind-rajab\/","og_site_name":"MG RADIO","article_publisher":"https:\/\/www.facebook.com\/mgradiobelgique","article_published_time":"2025-11-19T13:11:54+00:00","article_modified_time":"2025-11-19T13:15:47+00:00","og_image":[{"width":2560,"height":900,"url":"https:\/\/mgradio.be\/wp-content\/uploads\/2025\/07\/cinestory-scaled.png","type":"image\/png"}],"author":"Laurent Etienne","twitter_card":"summary_large_image","twitter_misc":{"\u00c9crit par":"Laurent Etienne","Dur\u00e9e de lecture est.":"1 minute"},"schema":{"@context":"https:\/\/schema.org","@graph":[{"@type":"Article","@id":"https:\/\/mgradio.be\/index.php\/2025\/11\/19\/cinestory-sortie-cette-semaine-la-voix-de-hind-rajab\/#article","isPartOf":{"@id":"https:\/\/mgradio.be\/index.php\/2025\/11\/19\/cinestory-sortie-cette-semaine-la-voix-de-hind-rajab\/"},"author":{"name":"Laurent Etienne","@id":"https:\/\/mgradio.be\/#\/schema\/person\/507e7e00f60eea3fbf12200b21c5ad01"},"headline":"CINESTORY | SORTIE CETTE SEMAINE | LA VOIX DE HIND RAJAB","datePublished":"2025-11-19T13:11:54+00:00","dateModified":"2025-11-19T13:15:47+00:00","mainEntityOfPage":{"@id":"https:\/\/mgradio.be\/index.php\/2025\/11\/19\/cinestory-sortie-cette-semaine-la-voix-de-hind-rajab\/"},"wordCount":128,"commentCount":0,"publisher":{"@id":"https:\/\/mgradio.be\/#organization"},"image":{"@id":"https:\/\/mgradio.be\/index.php\/2025\/11\/19\/cinestory-sortie-cette-semaine-la-voix-de-hind-rajab\/#primaryimage"},"thumbnailUrl":"https:\/\/mgradio.be\/wp-content\/uploads\/2025\/07\/cinestory-scaled.png","keywords":["cinema","HIND RAJAB"],"articleSection":["CINESTORY","EMISSIONS","NEWS","SORTIES"],"inLanguage":"fr-BE","potentialAction":[{"@type":"CommentAction","name":"Comment","target":["https:\/\/mgradio.be\/index.php\/2025\/11\/19\/cinestory-sortie-cette-semaine-la-voix-de-hind-rajab\/#respond"]}]},{"@type":"WebPage","@id":"https:\/\/mgradio.be\/index.php\/2025\/11\/19\/cinestory-sortie-cette-semaine-la-voix-de-hind-rajab\/","url":"https:\/\/mgradio.be\/index.php\/2025\/11\/19\/cinestory-sortie-cette-semaine-la-voix-de-hind-rajab\/","name":"CINESTORY | SORTIE CETTE SEMAINE | LA VOIX DE HIND RAJAB - MG RADIO","isPartOf":{"@id":"https:\/\/mgradio.be\/#website"},"primaryImageOfPage":{"@id":"https:\/\/mgradio.be\/index.php\/2025\/11\/19\/cinestory-sortie-cette-semaine-la-voix-de-hind-rajab\/#primaryimage"},"image":{"@id":"https:\/\/mgradio.be\/index.php\/2025\/11\/19\/cinestory-sortie-cette-semaine-la-voix-de-hind-rajab\/#primaryimage"},"thumbnailUrl":"https:\/\/mgradio.be\/wp-content\/uploads\/2025\/07\/cinestory-scaled.png","datePublished":"2025-11-19T13:11:54+00:00","dateModified":"2025-11-19T13:15:47+00:00","breadcrumb":{"@id":"https:\/\/mgradio.be\/index.php\/2025\/11\/19\/cinestory-sortie-cette-semaine-la-voix-de-hind-rajab\/#breadcrumb"},"inLanguage":"fr-BE","potentialAction":[{"@type":"ReadAction","target":["https:\/\/mgradio.be\/index.php\/2025\/11\/19\/cinestory-sortie-cette-semaine-la-voix-de-hind-rajab\/"]}]},{"@type":"ImageObject","inLanguage":"fr-BE","@id":"https:\/\/mgradio.be\/index.php\/2025\/11\/19\/cinestory-sortie-cette-semaine-la-voix-de-hind-rajab\/#primaryimage","url":"https:\/\/mgradio.be\/wp-content\/uploads\/2025\/07\/cinestory-scaled.png","contentUrl":"https:\/\/mgradio.be\/wp-content\/uploads\/2025\/07\/cinestory-scaled.png","width":2560,"height":900},{"@type":"BreadcrumbList","@id":"https:\/\/mgradio.be\/index.php\/2025\/11\/19\/cinestory-sortie-cette-semaine-la-voix-de-hind-rajab\/#breadcrumb","itemListElement":[{"@type":"ListItem","position":1,"name":"Accueil","item":"https:\/\/mgradio.be\/"},{"@type":"ListItem","position":2,"name":"CINESTORY | SORTIE CETTE SEMAINE | LA VOIX DE HIND RAJAB"}]},{"@type":"WebSite","@id":"https:\/\/mgradio.be\/#website","url":"https:\/\/mgradio.be\/","name":"MG RADIO BELGIQUE","description":"","publisher":{"@id":"https:\/\/mgradio.be\/#organization"},"potentialAction":[{"@type":"SearchAction","target":{"@type":"EntryPoint","urlTemplate":"https:\/\/mgradio.be\/?s={search_term_string}"},"query-input":{"@type":"PropertyValueSpecification","valueRequired":true,"valueName":"search_term_string"}}],"inLanguage":"fr-BE"},{"@type":"Organization","@id":"https:\/\/mgradio.be\/#organization","name":"MG RADIO BELGIQUE","url":"https:\/\/mgradio.be\/","logo":{"@type":"ImageObject","inLanguage":"fr-BE","@id":"https:\/\/mgradio.be\/#\/schema\/logo\/image\/","url":"https:\/\/mgradio.be\/wp-content\/uploads\/2025\/07\/499313877_678853151563626_2649022349240943846_n.jpg","contentUrl":"https:\/\/mgradio.be\/wp-content\/uploads\/2025\/07\/499313877_678853151563626_2649022349240943846_n.jpg","width":1600,"height":1600,"caption":"MG RADIO BELGIQUE"},"image":{"@id":"https:\/\/mgradio.be\/#\/schema\/logo\/image\/"},"sameAs":["https:\/\/www.facebook.com\/mgradiobelgique"]},{"@type":"Person","@id":"https:\/\/mgradio.be\/#\/schema\/person\/507e7e00f60eea3fbf12200b21c5ad01","name":"Laurent Etienne","image":{"@type":"ImageObject","inLanguage":"fr-BE","@id":"https:\/\/secure.gravatar.com\/avatar\/7d460c3feea5979bad208db274d36f455edc3293c1ba872390800ebee11f35ef?s=96&d=mm&r=g","url":"https:\/\/secure.gravatar.com\/avatar\/7d460c3feea5979bad208db274d36f455edc3293c1ba872390800ebee11f35ef?s=96&d=mm&r=g","contentUrl":"https:\/\/secure.gravatar.com\/avatar\/7d460c3feea5979bad208db274d36f455edc3293c1ba872390800ebee11f35ef?s=96&d=mm&r=g","caption":"Laurent Etienne"},"sameAs":["https:\/\/kaptivatv.net\/mgradio"],"url":"https:\/\/mgradio.be\/index.php\/author\/laurent-etienne\/"}]}},"jetpack_publicize_connections":[],"jetpack_featured_media_url":"https:\/\/mgradio.be\/wp-content\/uploads\/2025\/07\/cinestory-scaled.png","jetpack_sharing_enabled":true,"_links":{"self":[{"href":"https:\/\/mgradio.be\/index.php\/wp-json\/wp\/v2\/posts\/266","targetHints":{"allow":["GET"]}}],"collection":[{"href":"https:\/\/mgradio.be\/index.php\/wp-json\/wp\/v2\/posts"}],"about":[{"href":"https:\/\/mgradio.be\/index.php\/wp-json\/wp\/v2\/types\/post"}],"author":[{"embeddable":true,"href":"https:\/\/mgradio.be\/index.php\/wp-json\/wp\/v2\/users\/1"}],"replies":[{"embeddable":true,"href":"https:\/\/mgradio.be\/index.php\/wp-json\/wp\/v2\/comments?post=266"}],"version-history":[{"count":1,"href":"https:\/\/mgradio.be\/index.php\/wp-json\/wp\/v2\/posts\/266\/revisions"}],"predecessor-version":[{"id":267,"href":"https:\/\/mgradio.be\/index.php\/wp-json\/wp\/v2\/posts\/266\/revisions\/267"}],"wp:featuredmedia":[{"embeddable":true,"href":"https:\/\/mgradio.be\/index.php\/wp-json\/wp\/v2\/media\/60"}],"wp:attachment":[{"href":"https:\/\/mgradio.be\/index.php\/wp-json\/wp\/v2\/media?parent=266"}],"wp:term":[{"taxonomy":"category","embeddable":true,"href":"https:\/\/mgradio.be\/index.php\/wp-json\/wp\/v2\/categories?post=266"},{"taxonomy":"post_tag","embeddable":true,"href":"https:\/\/mgradio.be\/index.php\/wp-json\/wp\/v2\/tags?post=266"}],"curies":[{"name":"wp","href":"https:\/\/api.w.org\/{rel}","templated":true}]}}