{"id":330,"date":"2026-03-11T14:25:01","date_gmt":"2026-03-11T13:25:01","guid":{"rendered":"https:\/\/mgradio.be\/?p=330"},"modified":"2026-03-11T14:58:11","modified_gmt":"2026-03-11T13:58:11","slug":"epicuria-salon-du-gin-4eme-edition","status":"publish","type":"post","link":"https:\/\/mgradio.be\/index.php\/2026\/03\/11\/epicuria-salon-du-gin-4eme-edition\/","title":{"rendered":"EPICURIA | Salon du Gin : 4eme \u00e9dition"},"content":{"rendered":"\n<p>Venez d\u00e9couvrir le Festival du Gin qui prendra \u00e0 nouveau place \u00e0 la Soci\u00e9t\u00e9 Litt\u00e9raire de Li\u00e8ge. Le 4 et 5 avril 2026 de 14h \u00e0 22h, se tiendra la quatri\u00e8me \u00e9dition du festival du Gin &amp; Tonic. <\/p>\n\n\n\n<p>L\u2019\u00e9quipe du Do You Speak Gin vous invite \u00e0 venir d\u00e9guster des produits locaux de qualit\u00e9s dans un cadre somptueux et chaleureux. <\/p>\n\n\n\n<div class=\"wp-block-media-text has-media-on-the-right is-stacked-on-mobile\" style=\"grid-template-columns:auto 36%\"><div class=\"wp-block-media-text__content\">\n<p>Apr\u00e8s trois \u00e9ditions plus que r\u00e9ussies, nous avons franchis un cap en devenant le plus grand festival du Gin de Belgique. Cette ann\u00e9e encore, vous pourrez nous retrouver \u00e0 la Soci\u00e9t\u00e9 Litt\u00e9raire de Li\u00e8ge. Au programme, 25 micros producteurs Belges avec plus de 50 r\u00e9f\u00e9rences \u00e0 d\u00e9guster, des animations et des masterclass. <\/p>\n\n\n\n<p>Un week-end au coeur de l\u2019univers du Gin entour\u00e9 de passionn\u00e9s et de professionnels du secteur. Des changements et des retours pr\u00e9vus Le prix des cocktails est fix\u00e9 \u00e0 8 \u20ac sur tous les stands afin de proposer une offre simple et limpide. <\/p>\n<\/div><figure class=\"wp-block-media-text__media\"><img decoding=\"async\" src=\"https:\/\/kaptivatv.net\/wp-content\/uploads\/2026\/03\/festival4.jpg\" alt=\"\" class=\"wp-image-4010 size-full\"\/><\/figure><\/div>\n\n\n\n<p>Les Masterclass sur l\u2019histoire du Gin et sur la mixologie sont de retours afin de permettre aux Fans de Gin de continuer d\u2019en apprendre d\u2019avantage sur leur passion. Un Goodiesbag attend chaque festivalier avec des cadeaux et des offres de nos partenaires pour prolonger la d\u00e9gustation \u00e0 la maison. <\/p>\n\n\n\n<p>Les pr\u00e9ventes diminuent \u00e0 vue d\u2019oeil Les deux premi\u00e8res vagues de pr\u00e9ventes sont d\u00e9ja \u00e9coul\u00e9es, seulement 300 bracelets sont encores disponibles, les places sont limit\u00e9es alors n\u2019oubliez pas de les r\u00e9server. <\/p>\n\n\n\n<p><strong>Des cadeaux exclusifs et Goodies offerts par nos partenaires <\/strong><\/p>\n\n\n\n<p><strong>Un espace ext\u00e9rieur pour s\u2019a\u00e9rer et pour les fumeurs (sortie d\u00e9finitive)<\/strong><\/p>\n\n\n\n<p> <strong>INFOS PRATIQUES &amp; CONTACT<\/strong><\/p>\n\n\n\n<p> Lieu : Soci\u00e9t\u00e9 Litt\u00e9raire de Li\u00e8ge Dates et heures : 4 et 5 Avril 2026 de 14h \u00e0 22h <\/p>\n\n\n\n<p>Billets : Disponibles au prix de 25 \u20ac sur https:\/\/www.doyouspeakgin.be\/event\/festival-du-gin-4\/  T\u00e9l\u00e9phone : 0496\/84.96.95 <\/p>\n\n\n\n<p>R\u00e9seaux Sociaux : @doyouspeakgin <\/p>\n\n\n\n<p>Site Web : doyouspeakgin.be<\/p>\n","protected":false},"excerpt":{"rendered":"<p>Venez d\u00e9couvrir le Festival du Gin qui prendra \u00e0 nouveau place \u00e0 la Soci\u00e9t\u00e9 Litt\u00e9raire de Li\u00e8ge. Le 4 et 5 avril 2026 de 14h [&hellip;]<\/p>\n","protected":false},"author":1,"featured_media":331,"comment_status":"open","ping_status":"open","sticky":false,"template":"","format":"standard","meta":{"om_disable_all_campaigns":false,"_jetpack_memberships_contains_paid_content":false,"footnotes":"","jetpack_publicize_message":"","jetpack_publicize_feature_enabled":true,"jetpack_social_post_already_shared":true,"jetpack_social_options":{"image_generator_settings":{"template":"highway","default_image_id":0,"font":"","enabled":false},"version":2}},"categories":[50,9,76],"tags":[156,159,210,52,211],"class_list":["post-330","post","type-post","status-publish","format-standard","has-post-thumbnail","hentry","category-cook-and-shoot","category-emissions","category-sorties","tag-cookandshoot","tag-cuisine","tag-epicuria","tag-gastronomie","tag-salon-du-gin"],"yoast_head":"<!-- This site is optimized with the Yoast SEO plugin v27.4 - https:\/\/yoast.com\/product\/yoast-seo-wordpress\/ -->\n<title>EPICURIA | Salon du Gin : 4eme \u00e9dition - MG RADIO<\/title>\n<meta name=\"robots\" content=\"index, follow, max-snippet:-1, max-image-preview:large, max-video-preview:-1\" \/>\n<link rel=\"canonical\" href=\"https:\/\/mgradio.be\/index.php\/2026\/03\/11\/epicuria-salon-du-gin-4eme-edition\/\" \/>\n<meta property=\"og:locale\" content=\"fr_FR\" \/>\n<meta property=\"og:type\" content=\"article\" \/>\n<meta property=\"og:title\" content=\"EPICURIA | Salon du Gin : 4eme \u00e9dition - MG RADIO\" \/>\n<meta property=\"og:description\" content=\"Venez d\u00e9couvrir le Festival du Gin qui prendra \u00e0 nouveau place \u00e0 la Soci\u00e9t\u00e9 Litt\u00e9raire de Li\u00e8ge. Le 4 et 5 avril 2026 de 14h [&hellip;]\" \/>\n<meta property=\"og:url\" content=\"https:\/\/mgradio.be\/index.php\/2026\/03\/11\/epicuria-salon-du-gin-4eme-edition\/\" \/>\n<meta property=\"og:site_name\" content=\"MG RADIO\" \/>\n<meta property=\"article:publisher\" content=\"https:\/\/www.facebook.com\/mgradiobelgique\" \/>\n<meta property=\"article:published_time\" content=\"2026-03-11T13:25:01+00:00\" \/>\n<meta property=\"article:modified_time\" content=\"2026-03-11T13:58:11+00:00\" \/>\n<meta property=\"og:image\" content=\"https:\/\/mgradio.be\/wp-content\/uploads\/2026\/03\/Logo-sans-cadre-1.png-1.png\" \/>\n\t<meta property=\"og:image:width\" content=\"779\" \/>\n\t<meta property=\"og:image:height\" content=\"492\" \/>\n\t<meta property=\"og:image:type\" content=\"image\/png\" \/>\n<meta name=\"author\" content=\"Laurent Etienne\" \/>\n<meta name=\"twitter:card\" content=\"summary_large_image\" \/>\n<meta name=\"twitter:label1\" content=\"\u00c9crit par\" \/>\n\t<meta name=\"twitter:data1\" content=\"Laurent Etienne\" \/>\n\t<meta name=\"twitter:label2\" content=\"Dur\u00e9e de lecture est.\" \/>\n\t<meta name=\"twitter:data2\" content=\"2 minutes\" \/>\n<script type=\"application\/ld+json\" class=\"yoast-schema-graph\">{\"@context\":\"https:\\\/\\\/schema.org\",\"@graph\":[{\"@type\":\"Article\",\"@id\":\"https:\\\/\\\/mgradio.be\\\/index.php\\\/2026\\\/03\\\/11\\\/epicuria-salon-du-gin-4eme-edition\\\/#article\",\"isPartOf\":{\"@id\":\"https:\\\/\\\/mgradio.be\\\/index.php\\\/2026\\\/03\\\/11\\\/epicuria-salon-du-gin-4eme-edition\\\/\"},\"author\":{\"name\":\"Laurent Etienne\",\"@id\":\"https:\\\/\\\/mgradio.be\\\/#\\\/schema\\\/person\\\/507e7e00f60eea3fbf12200b21c5ad01\"},\"headline\":\"EPICURIA | Salon du Gin : 4eme \u00e9dition\",\"datePublished\":\"2026-03-11T13:25:01+00:00\",\"dateModified\":\"2026-03-11T13:58:11+00:00\",\"mainEntityOfPage\":{\"@id\":\"https:\\\/\\\/mgradio.be\\\/index.php\\\/2026\\\/03\\\/11\\\/epicuria-salon-du-gin-4eme-edition\\\/\"},\"wordCount\":324,\"commentCount\":0,\"publisher\":{\"@id\":\"https:\\\/\\\/mgradio.be\\\/#organization\"},\"image\":{\"@id\":\"https:\\\/\\\/mgradio.be\\\/index.php\\\/2026\\\/03\\\/11\\\/epicuria-salon-du-gin-4eme-edition\\\/#primaryimage\"},\"thumbnailUrl\":\"https:\\\/\\\/mgradio.be\\\/wp-content\\\/uploads\\\/2026\\\/03\\\/Logo-sans-cadre-1.png-1.png\",\"keywords\":[\"cookandshoot\",\"cuisine\",\"epicuria\",\"gastronomie\",\"salon du gin\"],\"articleSection\":[\"COOK AND SHOOT\",\"EMISSIONS\",\"SORTIES\"],\"inLanguage\":\"fr-BE\",\"potentialAction\":[{\"@type\":\"CommentAction\",\"name\":\"Comment\",\"target\":[\"https:\\\/\\\/mgradio.be\\\/index.php\\\/2026\\\/03\\\/11\\\/epicuria-salon-du-gin-4eme-edition\\\/#respond\"]}]},{\"@type\":\"WebPage\",\"@id\":\"https:\\\/\\\/mgradio.be\\\/index.php\\\/2026\\\/03\\\/11\\\/epicuria-salon-du-gin-4eme-edition\\\/\",\"url\":\"https:\\\/\\\/mgradio.be\\\/index.php\\\/2026\\\/03\\\/11\\\/epicuria-salon-du-gin-4eme-edition\\\/\",\"name\":\"EPICURIA | Salon du Gin : 4eme \u00e9dition - MG RADIO\",\"isPartOf\":{\"@id\":\"https:\\\/\\\/mgradio.be\\\/#website\"},\"primaryImageOfPage\":{\"@id\":\"https:\\\/\\\/mgradio.be\\\/index.php\\\/2026\\\/03\\\/11\\\/epicuria-salon-du-gin-4eme-edition\\\/#primaryimage\"},\"image\":{\"@id\":\"https:\\\/\\\/mgradio.be\\\/index.php\\\/2026\\\/03\\\/11\\\/epicuria-salon-du-gin-4eme-edition\\\/#primaryimage\"},\"thumbnailUrl\":\"https:\\\/\\\/mgradio.be\\\/wp-content\\\/uploads\\\/2026\\\/03\\\/Logo-sans-cadre-1.png-1.png\",\"datePublished\":\"2026-03-11T13:25:01+00:00\",\"dateModified\":\"2026-03-11T13:58:11+00:00\",\"breadcrumb\":{\"@id\":\"https:\\\/\\\/mgradio.be\\\/index.php\\\/2026\\\/03\\\/11\\\/epicuria-salon-du-gin-4eme-edition\\\/#breadcrumb\"},\"inLanguage\":\"fr-BE\",\"potentialAction\":[{\"@type\":\"ReadAction\",\"target\":[\"https:\\\/\\\/mgradio.be\\\/index.php\\\/2026\\\/03\\\/11\\\/epicuria-salon-du-gin-4eme-edition\\\/\"]}]},{\"@type\":\"ImageObject\",\"inLanguage\":\"fr-BE\",\"@id\":\"https:\\\/\\\/mgradio.be\\\/index.php\\\/2026\\\/03\\\/11\\\/epicuria-salon-du-gin-4eme-edition\\\/#primaryimage\",\"url\":\"https:\\\/\\\/mgradio.be\\\/wp-content\\\/uploads\\\/2026\\\/03\\\/Logo-sans-cadre-1.png-1.png\",\"contentUrl\":\"https:\\\/\\\/mgradio.be\\\/wp-content\\\/uploads\\\/2026\\\/03\\\/Logo-sans-cadre-1.png-1.png\",\"width\":779,\"height\":492},{\"@type\":\"BreadcrumbList\",\"@id\":\"https:\\\/\\\/mgradio.be\\\/index.php\\\/2026\\\/03\\\/11\\\/epicuria-salon-du-gin-4eme-edition\\\/#breadcrumb\",\"itemListElement\":[{\"@type\":\"ListItem\",\"position\":1,\"name\":\"Accueil\",\"item\":\"https:\\\/\\\/mgradio.be\\\/\"},{\"@type\":\"ListItem\",\"position\":2,\"name\":\"EPICURIA | Salon du Gin : 4eme \u00e9dition\"}]},{\"@type\":\"WebSite\",\"@id\":\"https:\\\/\\\/mgradio.be\\\/#website\",\"url\":\"https:\\\/\\\/mgradio.be\\\/\",\"name\":\"MG RADIO BELGIQUE\",\"description\":\"\",\"publisher\":{\"@id\":\"https:\\\/\\\/mgradio.be\\\/#organization\"},\"potentialAction\":[{\"@type\":\"SearchAction\",\"target\":{\"@type\":\"EntryPoint\",\"urlTemplate\":\"https:\\\/\\\/mgradio.be\\\/?s={search_term_string}\"},\"query-input\":{\"@type\":\"PropertyValueSpecification\",\"valueRequired\":true,\"valueName\":\"search_term_string\"}}],\"inLanguage\":\"fr-BE\"},{\"@type\":\"Organization\",\"@id\":\"https:\\\/\\\/mgradio.be\\\/#organization\",\"name\":\"MG RADIO BELGIQUE\",\"url\":\"https:\\\/\\\/mgradio.be\\\/\",\"logo\":{\"@type\":\"ImageObject\",\"inLanguage\":\"fr-BE\",\"@id\":\"https:\\\/\\\/mgradio.be\\\/#\\\/schema\\\/logo\\\/image\\\/\",\"url\":\"https:\\\/\\\/mgradio.be\\\/wp-content\\\/uploads\\\/2025\\\/07\\\/499313877_678853151563626_2649022349240943846_n.jpg\",\"contentUrl\":\"https:\\\/\\\/mgradio.be\\\/wp-content\\\/uploads\\\/2025\\\/07\\\/499313877_678853151563626_2649022349240943846_n.jpg\",\"width\":1600,\"height\":1600,\"caption\":\"MG RADIO BELGIQUE\"},\"image\":{\"@id\":\"https:\\\/\\\/mgradio.be\\\/#\\\/schema\\\/logo\\\/image\\\/\"},\"sameAs\":[\"https:\\\/\\\/www.facebook.com\\\/mgradiobelgique\"]},{\"@type\":\"Person\",\"@id\":\"https:\\\/\\\/mgradio.be\\\/#\\\/schema\\\/person\\\/507e7e00f60eea3fbf12200b21c5ad01\",\"name\":\"Laurent Etienne\",\"image\":{\"@type\":\"ImageObject\",\"inLanguage\":\"fr-BE\",\"@id\":\"https:\\\/\\\/secure.gravatar.com\\\/avatar\\\/7d460c3feea5979bad208db274d36f455edc3293c1ba872390800ebee11f35ef?s=96&d=mm&r=g\",\"url\":\"https:\\\/\\\/secure.gravatar.com\\\/avatar\\\/7d460c3feea5979bad208db274d36f455edc3293c1ba872390800ebee11f35ef?s=96&d=mm&r=g\",\"contentUrl\":\"https:\\\/\\\/secure.gravatar.com\\\/avatar\\\/7d460c3feea5979bad208db274d36f455edc3293c1ba872390800ebee11f35ef?s=96&d=mm&r=g\",\"caption\":\"Laurent Etienne\"},\"sameAs\":[\"https:\\\/\\\/kaptivatv.net\\\/mgradio\"],\"url\":\"https:\\\/\\\/mgradio.be\\\/index.php\\\/author\\\/laurent-etienne\\\/\"}]}<\/script>\n<!-- \/ Yoast SEO plugin. -->","yoast_head_json":{"title":"EPICURIA | Salon du Gin : 4eme \u00e9dition - MG RADIO","robots":{"index":"index","follow":"follow","max-snippet":"max-snippet:-1","max-image-preview":"max-image-preview:large","max-video-preview":"max-video-preview:-1"},"canonical":"https:\/\/mgradio.be\/index.php\/2026\/03\/11\/epicuria-salon-du-gin-4eme-edition\/","og_locale":"fr_FR","og_type":"article","og_title":"EPICURIA | Salon du Gin : 4eme \u00e9dition - MG RADIO","og_description":"Venez d\u00e9couvrir le Festival du Gin qui prendra \u00e0 nouveau place \u00e0 la Soci\u00e9t\u00e9 Litt\u00e9raire de Li\u00e8ge. Le 4 et 5 avril 2026 de 14h [&hellip;]","og_url":"https:\/\/mgradio.be\/index.php\/2026\/03\/11\/epicuria-salon-du-gin-4eme-edition\/","og_site_name":"MG RADIO","article_publisher":"https:\/\/www.facebook.com\/mgradiobelgique","article_published_time":"2026-03-11T13:25:01+00:00","article_modified_time":"2026-03-11T13:58:11+00:00","og_image":[{"width":779,"height":492,"url":"https:\/\/mgradio.be\/wp-content\/uploads\/2026\/03\/Logo-sans-cadre-1.png-1.png","type":"image\/png"}],"author":"Laurent Etienne","twitter_card":"summary_large_image","twitter_misc":{"\u00c9crit par":"Laurent Etienne","Dur\u00e9e de lecture est.":"2 minutes"},"schema":{"@context":"https:\/\/schema.org","@graph":[{"@type":"Article","@id":"https:\/\/mgradio.be\/index.php\/2026\/03\/11\/epicuria-salon-du-gin-4eme-edition\/#article","isPartOf":{"@id":"https:\/\/mgradio.be\/index.php\/2026\/03\/11\/epicuria-salon-du-gin-4eme-edition\/"},"author":{"name":"Laurent Etienne","@id":"https:\/\/mgradio.be\/#\/schema\/person\/507e7e00f60eea3fbf12200b21c5ad01"},"headline":"EPICURIA | Salon du Gin : 4eme \u00e9dition","datePublished":"2026-03-11T13:25:01+00:00","dateModified":"2026-03-11T13:58:11+00:00","mainEntityOfPage":{"@id":"https:\/\/mgradio.be\/index.php\/2026\/03\/11\/epicuria-salon-du-gin-4eme-edition\/"},"wordCount":324,"commentCount":0,"publisher":{"@id":"https:\/\/mgradio.be\/#organization"},"image":{"@id":"https:\/\/mgradio.be\/index.php\/2026\/03\/11\/epicuria-salon-du-gin-4eme-edition\/#primaryimage"},"thumbnailUrl":"https:\/\/mgradio.be\/wp-content\/uploads\/2026\/03\/Logo-sans-cadre-1.png-1.png","keywords":["cookandshoot","cuisine","epicuria","gastronomie","salon du gin"],"articleSection":["COOK AND SHOOT","EMISSIONS","SORTIES"],"inLanguage":"fr-BE","potentialAction":[{"@type":"CommentAction","name":"Comment","target":["https:\/\/mgradio.be\/index.php\/2026\/03\/11\/epicuria-salon-du-gin-4eme-edition\/#respond"]}]},{"@type":"WebPage","@id":"https:\/\/mgradio.be\/index.php\/2026\/03\/11\/epicuria-salon-du-gin-4eme-edition\/","url":"https:\/\/mgradio.be\/index.php\/2026\/03\/11\/epicuria-salon-du-gin-4eme-edition\/","name":"EPICURIA | Salon du Gin : 4eme \u00e9dition - MG RADIO","isPartOf":{"@id":"https:\/\/mgradio.be\/#website"},"primaryImageOfPage":{"@id":"https:\/\/mgradio.be\/index.php\/2026\/03\/11\/epicuria-salon-du-gin-4eme-edition\/#primaryimage"},"image":{"@id":"https:\/\/mgradio.be\/index.php\/2026\/03\/11\/epicuria-salon-du-gin-4eme-edition\/#primaryimage"},"thumbnailUrl":"https:\/\/mgradio.be\/wp-content\/uploads\/2026\/03\/Logo-sans-cadre-1.png-1.png","datePublished":"2026-03-11T13:25:01+00:00","dateModified":"2026-03-11T13:58:11+00:00","breadcrumb":{"@id":"https:\/\/mgradio.be\/index.php\/2026\/03\/11\/epicuria-salon-du-gin-4eme-edition\/#breadcrumb"},"inLanguage":"fr-BE","potentialAction":[{"@type":"ReadAction","target":["https:\/\/mgradio.be\/index.php\/2026\/03\/11\/epicuria-salon-du-gin-4eme-edition\/"]}]},{"@type":"ImageObject","inLanguage":"fr-BE","@id":"https:\/\/mgradio.be\/index.php\/2026\/03\/11\/epicuria-salon-du-gin-4eme-edition\/#primaryimage","url":"https:\/\/mgradio.be\/wp-content\/uploads\/2026\/03\/Logo-sans-cadre-1.png-1.png","contentUrl":"https:\/\/mgradio.be\/wp-content\/uploads\/2026\/03\/Logo-sans-cadre-1.png-1.png","width":779,"height":492},{"@type":"BreadcrumbList","@id":"https:\/\/mgradio.be\/index.php\/2026\/03\/11\/epicuria-salon-du-gin-4eme-edition\/#breadcrumb","itemListElement":[{"@type":"ListItem","position":1,"name":"Accueil","item":"https:\/\/mgradio.be\/"},{"@type":"ListItem","position":2,"name":"EPICURIA | Salon du Gin : 4eme \u00e9dition"}]},{"@type":"WebSite","@id":"https:\/\/mgradio.be\/#website","url":"https:\/\/mgradio.be\/","name":"MG RADIO BELGIQUE","description":"","publisher":{"@id":"https:\/\/mgradio.be\/#organization"},"potentialAction":[{"@type":"SearchAction","target":{"@type":"EntryPoint","urlTemplate":"https:\/\/mgradio.be\/?s={search_term_string}"},"query-input":{"@type":"PropertyValueSpecification","valueRequired":true,"valueName":"search_term_string"}}],"inLanguage":"fr-BE"},{"@type":"Organization","@id":"https:\/\/mgradio.be\/#organization","name":"MG RADIO BELGIQUE","url":"https:\/\/mgradio.be\/","logo":{"@type":"ImageObject","inLanguage":"fr-BE","@id":"https:\/\/mgradio.be\/#\/schema\/logo\/image\/","url":"https:\/\/mgradio.be\/wp-content\/uploads\/2025\/07\/499313877_678853151563626_2649022349240943846_n.jpg","contentUrl":"https:\/\/mgradio.be\/wp-content\/uploads\/2025\/07\/499313877_678853151563626_2649022349240943846_n.jpg","width":1600,"height":1600,"caption":"MG RADIO BELGIQUE"},"image":{"@id":"https:\/\/mgradio.be\/#\/schema\/logo\/image\/"},"sameAs":["https:\/\/www.facebook.com\/mgradiobelgique"]},{"@type":"Person","@id":"https:\/\/mgradio.be\/#\/schema\/person\/507e7e00f60eea3fbf12200b21c5ad01","name":"Laurent Etienne","image":{"@type":"ImageObject","inLanguage":"fr-BE","@id":"https:\/\/secure.gravatar.com\/avatar\/7d460c3feea5979bad208db274d36f455edc3293c1ba872390800ebee11f35ef?s=96&d=mm&r=g","url":"https:\/\/secure.gravatar.com\/avatar\/7d460c3feea5979bad208db274d36f455edc3293c1ba872390800ebee11f35ef?s=96&d=mm&r=g","contentUrl":"https:\/\/secure.gravatar.com\/avatar\/7d460c3feea5979bad208db274d36f455edc3293c1ba872390800ebee11f35ef?s=96&d=mm&r=g","caption":"Laurent Etienne"},"sameAs":["https:\/\/kaptivatv.net\/mgradio"],"url":"https:\/\/mgradio.be\/index.php\/author\/laurent-etienne\/"}]}},"jetpack_publicize_connections":[],"jetpack_featured_media_url":"https:\/\/mgradio.be\/wp-content\/uploads\/2026\/03\/Logo-sans-cadre-1.png-1.png","jetpack_sharing_enabled":true,"_links":{"self":[{"href":"https:\/\/mgradio.be\/index.php\/wp-json\/wp\/v2\/posts\/330","targetHints":{"allow":["GET"]}}],"collection":[{"href":"https:\/\/mgradio.be\/index.php\/wp-json\/wp\/v2\/posts"}],"about":[{"href":"https:\/\/mgradio.be\/index.php\/wp-json\/wp\/v2\/types\/post"}],"author":[{"embeddable":true,"href":"https:\/\/mgradio.be\/index.php\/wp-json\/wp\/v2\/users\/1"}],"replies":[{"embeddable":true,"href":"https:\/\/mgradio.be\/index.php\/wp-json\/wp\/v2\/comments?post=330"}],"version-history":[{"count":1,"href":"https:\/\/mgradio.be\/index.php\/wp-json\/wp\/v2\/posts\/330\/revisions"}],"predecessor-version":[{"id":332,"href":"https:\/\/mgradio.be\/index.php\/wp-json\/wp\/v2\/posts\/330\/revisions\/332"}],"wp:featuredmedia":[{"embeddable":true,"href":"https:\/\/mgradio.be\/index.php\/wp-json\/wp\/v2\/media\/331"}],"wp:attachment":[{"href":"https:\/\/mgradio.be\/index.php\/wp-json\/wp\/v2\/media?parent=330"}],"wp:term":[{"taxonomy":"category","embeddable":true,"href":"https:\/\/mgradio.be\/index.php\/wp-json\/wp\/v2\/categories?post=330"},{"taxonomy":"post_tag","embeddable":true,"href":"https:\/\/mgradio.be\/index.php\/wp-json\/wp\/v2\/tags?post=330"}],"curies":[{"name":"wp","href":"https:\/\/api.w.org\/{rel}","templated":true}]}}