{"id":344,"date":"2026-03-17T13:16:41","date_gmt":"2026-03-17T12:16:41","guid":{"rendered":"https:\/\/mgradio.be\/?p=344"},"modified":"2026-03-17T13:18:08","modified_gmt":"2026-03-17T12:18:08","slug":"emission-la-croisiere-folk","status":"publish","type":"post","link":"https:\/\/mgradio.be\/index.php\/2026\/03\/17\/emission-la-croisiere-folk\/","title":{"rendered":"EMISSION | LA CROISIERE FOLK"},"content":{"rendered":"\n<p><strong>*** LA CROISIERE FOLK : sp\u00e9ciale cin\u00e9ma ***<\/strong><\/p>\n\n\n\n<p>Eric Cooper nous g\u00e2te cette semaine avec une \u00ab\u00a0Croisi\u00e8re Folk\u00a0\u00bb consacr\u00e9e aux musiques de cin\u00e9ma reprises par les artistes du monde folk.<\/p>\n\n\n\n<p>Commentaire du Directeur d&rsquo;antenne : \u00ab\u00a0<strong><em>Alors l\u00e0, il m&rsquo;\u00e9pate, il m&rsquo;\u00e9pate il m&rsquo;\u00e9pate !<\/em><\/strong>\u00ab\u00a0<\/p>\n\n\n\n<p>LA CROISIERE FOLK : tous les jours \u00e0 14 heures et 18 heures !!!<\/p>\n\n\n\n<p>Nous \u00e9couter : http:\/\/Mgradiobelgique.on-air.fm\/<\/p>\n\n\n\n<p>Ou sur : http:\/\/mgradio.radio12345.com\/<\/p>\n\n\n\n<p>Ou directement sur https:\/\/www.mgradio.be<\/p>\n\n\n\n<p>#ericcooper #lacroisierefolk #croisierefolk #cinema #mgradio<\/p>\n","protected":false},"excerpt":{"rendered":"<p>*** LA CROISIERE FOLK : sp\u00e9ciale cin\u00e9ma *** Eric Cooper nous g\u00e2te cette semaine avec une \u00ab\u00a0Croisi\u00e8re Folk\u00a0\u00bb consacr\u00e9e aux musiques de cin\u00e9ma reprises par [&hellip;]<\/p>\n","protected":false},"author":1,"featured_media":216,"comment_status":"open","ping_status":"open","sticky":false,"template":"","format":"standard","meta":{"om_disable_all_campaigns":false,"_jetpack_memberships_contains_paid_content":false,"footnotes":"","jetpack_publicize_message":"","jetpack_publicize_feature_enabled":true,"jetpack_social_post_already_shared":true,"jetpack_social_options":{"image_generator_settings":{"template":"highway","default_image_id":0,"font":"","enabled":false},"version":2}},"categories":[145,9],"tags":[148,221],"class_list":["post-344","post","type-post","status-publish","format-standard","has-post-thumbnail","hentry","category-croisiere-folk","category-emissions","tag-croisiere-folk","tag-la-croisiere-folk-2"],"yoast_head":"<!-- This site is optimized with the Yoast SEO plugin v27.4 - https:\/\/yoast.com\/product\/yoast-seo-wordpress\/ -->\n<title>EMISSION | LA CROISIERE FOLK - MG RADIO<\/title>\n<meta name=\"robots\" content=\"index, follow, max-snippet:-1, max-image-preview:large, max-video-preview:-1\" \/>\n<link rel=\"canonical\" href=\"https:\/\/mgradio.be\/index.php\/2026\/03\/17\/emission-la-croisiere-folk\/\" \/>\n<meta property=\"og:locale\" content=\"fr_FR\" \/>\n<meta property=\"og:type\" content=\"article\" \/>\n<meta property=\"og:title\" content=\"EMISSION | LA CROISIERE FOLK - MG RADIO\" \/>\n<meta property=\"og:description\" content=\"*** LA CROISIERE FOLK : sp\u00e9ciale cin\u00e9ma *** Eric Cooper nous g\u00e2te cette semaine avec une \u00ab\u00a0Croisi\u00e8re Folk\u00a0\u00bb consacr\u00e9e aux musiques de cin\u00e9ma reprises par [&hellip;]\" \/>\n<meta property=\"og:url\" content=\"https:\/\/mgradio.be\/index.php\/2026\/03\/17\/emission-la-croisiere-folk\/\" \/>\n<meta property=\"og:site_name\" content=\"MG RADIO\" \/>\n<meta property=\"article:publisher\" content=\"https:\/\/www.facebook.com\/mgradiobelgique\" \/>\n<meta property=\"article:published_time\" content=\"2026-03-17T12:16:41+00:00\" \/>\n<meta property=\"article:modified_time\" content=\"2026-03-17T12:18:08+00:00\" \/>\n<meta property=\"og:image\" content=\"https:\/\/mgradio.be\/wp-content\/uploads\/2025\/09\/ercoop_0.jpg\" \/>\n\t<meta property=\"og:image:width\" content=\"960\" \/>\n\t<meta property=\"og:image:height\" content=\"960\" \/>\n\t<meta property=\"og:image:type\" content=\"image\/jpeg\" \/>\n<meta name=\"author\" content=\"Laurent Etienne\" \/>\n<meta name=\"twitter:card\" content=\"summary_large_image\" \/>\n<meta name=\"twitter:label1\" content=\"\u00c9crit par\" \/>\n\t<meta name=\"twitter:data1\" content=\"Laurent Etienne\" \/>\n\t<meta name=\"twitter:label2\" content=\"Dur\u00e9e de lecture est.\" \/>\n\t<meta name=\"twitter:data2\" content=\"1 minute\" \/>\n<script type=\"application\/ld+json\" class=\"yoast-schema-graph\">{\"@context\":\"https:\\\/\\\/schema.org\",\"@graph\":[{\"@type\":\"Article\",\"@id\":\"https:\\\/\\\/mgradio.be\\\/index.php\\\/2026\\\/03\\\/17\\\/emission-la-croisiere-folk\\\/#article\",\"isPartOf\":{\"@id\":\"https:\\\/\\\/mgradio.be\\\/index.php\\\/2026\\\/03\\\/17\\\/emission-la-croisiere-folk\\\/\"},\"author\":{\"name\":\"Laurent Etienne\",\"@id\":\"https:\\\/\\\/mgradio.be\\\/#\\\/schema\\\/person\\\/507e7e00f60eea3fbf12200b21c5ad01\"},\"headline\":\"EMISSION | LA CROISIERE FOLK\",\"datePublished\":\"2026-03-17T12:16:41+00:00\",\"dateModified\":\"2026-03-17T12:18:08+00:00\",\"mainEntityOfPage\":{\"@id\":\"https:\\\/\\\/mgradio.be\\\/index.php\\\/2026\\\/03\\\/17\\\/emission-la-croisiere-folk\\\/\"},\"wordCount\":85,\"commentCount\":0,\"publisher\":{\"@id\":\"https:\\\/\\\/mgradio.be\\\/#organization\"},\"image\":{\"@id\":\"https:\\\/\\\/mgradio.be\\\/index.php\\\/2026\\\/03\\\/17\\\/emission-la-croisiere-folk\\\/#primaryimage\"},\"thumbnailUrl\":\"https:\\\/\\\/mgradio.be\\\/wp-content\\\/uploads\\\/2025\\\/09\\\/ercoop_0.jpg\",\"keywords\":[\"croisiere folk\",\"la croisi\u00e8re folk\"],\"articleSection\":[\"CROISIERE FOLK\",\"EMISSIONS\"],\"inLanguage\":\"fr-BE\",\"potentialAction\":[{\"@type\":\"CommentAction\",\"name\":\"Comment\",\"target\":[\"https:\\\/\\\/mgradio.be\\\/index.php\\\/2026\\\/03\\\/17\\\/emission-la-croisiere-folk\\\/#respond\"]}]},{\"@type\":\"WebPage\",\"@id\":\"https:\\\/\\\/mgradio.be\\\/index.php\\\/2026\\\/03\\\/17\\\/emission-la-croisiere-folk\\\/\",\"url\":\"https:\\\/\\\/mgradio.be\\\/index.php\\\/2026\\\/03\\\/17\\\/emission-la-croisiere-folk\\\/\",\"name\":\"EMISSION | LA CROISIERE FOLK - MG RADIO\",\"isPartOf\":{\"@id\":\"https:\\\/\\\/mgradio.be\\\/#website\"},\"primaryImageOfPage\":{\"@id\":\"https:\\\/\\\/mgradio.be\\\/index.php\\\/2026\\\/03\\\/17\\\/emission-la-croisiere-folk\\\/#primaryimage\"},\"image\":{\"@id\":\"https:\\\/\\\/mgradio.be\\\/index.php\\\/2026\\\/03\\\/17\\\/emission-la-croisiere-folk\\\/#primaryimage\"},\"thumbnailUrl\":\"https:\\\/\\\/mgradio.be\\\/wp-content\\\/uploads\\\/2025\\\/09\\\/ercoop_0.jpg\",\"datePublished\":\"2026-03-17T12:16:41+00:00\",\"dateModified\":\"2026-03-17T12:18:08+00:00\",\"breadcrumb\":{\"@id\":\"https:\\\/\\\/mgradio.be\\\/index.php\\\/2026\\\/03\\\/17\\\/emission-la-croisiere-folk\\\/#breadcrumb\"},\"inLanguage\":\"fr-BE\",\"potentialAction\":[{\"@type\":\"ReadAction\",\"target\":[\"https:\\\/\\\/mgradio.be\\\/index.php\\\/2026\\\/03\\\/17\\\/emission-la-croisiere-folk\\\/\"]}]},{\"@type\":\"ImageObject\",\"inLanguage\":\"fr-BE\",\"@id\":\"https:\\\/\\\/mgradio.be\\\/index.php\\\/2026\\\/03\\\/17\\\/emission-la-croisiere-folk\\\/#primaryimage\",\"url\":\"https:\\\/\\\/mgradio.be\\\/wp-content\\\/uploads\\\/2025\\\/09\\\/ercoop_0.jpg\",\"contentUrl\":\"https:\\\/\\\/mgradio.be\\\/wp-content\\\/uploads\\\/2025\\\/09\\\/ercoop_0.jpg\",\"width\":960,\"height\":960},{\"@type\":\"BreadcrumbList\",\"@id\":\"https:\\\/\\\/mgradio.be\\\/index.php\\\/2026\\\/03\\\/17\\\/emission-la-croisiere-folk\\\/#breadcrumb\",\"itemListElement\":[{\"@type\":\"ListItem\",\"position\":1,\"name\":\"Accueil\",\"item\":\"https:\\\/\\\/mgradio.be\\\/\"},{\"@type\":\"ListItem\",\"position\":2,\"name\":\"EMISSION | LA CROISIERE FOLK\"}]},{\"@type\":\"WebSite\",\"@id\":\"https:\\\/\\\/mgradio.be\\\/#website\",\"url\":\"https:\\\/\\\/mgradio.be\\\/\",\"name\":\"MG RADIO BELGIQUE\",\"description\":\"\",\"publisher\":{\"@id\":\"https:\\\/\\\/mgradio.be\\\/#organization\"},\"potentialAction\":[{\"@type\":\"SearchAction\",\"target\":{\"@type\":\"EntryPoint\",\"urlTemplate\":\"https:\\\/\\\/mgradio.be\\\/?s={search_term_string}\"},\"query-input\":{\"@type\":\"PropertyValueSpecification\",\"valueRequired\":true,\"valueName\":\"search_term_string\"}}],\"inLanguage\":\"fr-BE\"},{\"@type\":\"Organization\",\"@id\":\"https:\\\/\\\/mgradio.be\\\/#organization\",\"name\":\"MG RADIO BELGIQUE\",\"url\":\"https:\\\/\\\/mgradio.be\\\/\",\"logo\":{\"@type\":\"ImageObject\",\"inLanguage\":\"fr-BE\",\"@id\":\"https:\\\/\\\/mgradio.be\\\/#\\\/schema\\\/logo\\\/image\\\/\",\"url\":\"https:\\\/\\\/mgradio.be\\\/wp-content\\\/uploads\\\/2025\\\/07\\\/499313877_678853151563626_2649022349240943846_n.jpg\",\"contentUrl\":\"https:\\\/\\\/mgradio.be\\\/wp-content\\\/uploads\\\/2025\\\/07\\\/499313877_678853151563626_2649022349240943846_n.jpg\",\"width\":1600,\"height\":1600,\"caption\":\"MG RADIO BELGIQUE\"},\"image\":{\"@id\":\"https:\\\/\\\/mgradio.be\\\/#\\\/schema\\\/logo\\\/image\\\/\"},\"sameAs\":[\"https:\\\/\\\/www.facebook.com\\\/mgradiobelgique\"]},{\"@type\":\"Person\",\"@id\":\"https:\\\/\\\/mgradio.be\\\/#\\\/schema\\\/person\\\/507e7e00f60eea3fbf12200b21c5ad01\",\"name\":\"Laurent Etienne\",\"image\":{\"@type\":\"ImageObject\",\"inLanguage\":\"fr-BE\",\"@id\":\"https:\\\/\\\/secure.gravatar.com\\\/avatar\\\/7d460c3feea5979bad208db274d36f455edc3293c1ba872390800ebee11f35ef?s=96&d=mm&r=g\",\"url\":\"https:\\\/\\\/secure.gravatar.com\\\/avatar\\\/7d460c3feea5979bad208db274d36f455edc3293c1ba872390800ebee11f35ef?s=96&d=mm&r=g\",\"contentUrl\":\"https:\\\/\\\/secure.gravatar.com\\\/avatar\\\/7d460c3feea5979bad208db274d36f455edc3293c1ba872390800ebee11f35ef?s=96&d=mm&r=g\",\"caption\":\"Laurent Etienne\"},\"sameAs\":[\"https:\\\/\\\/kaptivatv.net\\\/mgradio\"],\"url\":\"https:\\\/\\\/mgradio.be\\\/index.php\\\/author\\\/laurent-etienne\\\/\"}]}<\/script>\n<!-- \/ Yoast SEO plugin. -->","yoast_head_json":{"title":"EMISSION | LA CROISIERE FOLK - MG RADIO","robots":{"index":"index","follow":"follow","max-snippet":"max-snippet:-1","max-image-preview":"max-image-preview:large","max-video-preview":"max-video-preview:-1"},"canonical":"https:\/\/mgradio.be\/index.php\/2026\/03\/17\/emission-la-croisiere-folk\/","og_locale":"fr_FR","og_type":"article","og_title":"EMISSION | LA CROISIERE FOLK - MG RADIO","og_description":"*** LA CROISIERE FOLK : sp\u00e9ciale cin\u00e9ma *** Eric Cooper nous g\u00e2te cette semaine avec une \u00ab\u00a0Croisi\u00e8re Folk\u00a0\u00bb consacr\u00e9e aux musiques de cin\u00e9ma reprises par [&hellip;]","og_url":"https:\/\/mgradio.be\/index.php\/2026\/03\/17\/emission-la-croisiere-folk\/","og_site_name":"MG RADIO","article_publisher":"https:\/\/www.facebook.com\/mgradiobelgique","article_published_time":"2026-03-17T12:16:41+00:00","article_modified_time":"2026-03-17T12:18:08+00:00","og_image":[{"width":960,"height":960,"url":"https:\/\/mgradio.be\/wp-content\/uploads\/2025\/09\/ercoop_0.jpg","type":"image\/jpeg"}],"author":"Laurent Etienne","twitter_card":"summary_large_image","twitter_misc":{"\u00c9crit par":"Laurent Etienne","Dur\u00e9e de lecture est.":"1 minute"},"schema":{"@context":"https:\/\/schema.org","@graph":[{"@type":"Article","@id":"https:\/\/mgradio.be\/index.php\/2026\/03\/17\/emission-la-croisiere-folk\/#article","isPartOf":{"@id":"https:\/\/mgradio.be\/index.php\/2026\/03\/17\/emission-la-croisiere-folk\/"},"author":{"name":"Laurent Etienne","@id":"https:\/\/mgradio.be\/#\/schema\/person\/507e7e00f60eea3fbf12200b21c5ad01"},"headline":"EMISSION | LA CROISIERE FOLK","datePublished":"2026-03-17T12:16:41+00:00","dateModified":"2026-03-17T12:18:08+00:00","mainEntityOfPage":{"@id":"https:\/\/mgradio.be\/index.php\/2026\/03\/17\/emission-la-croisiere-folk\/"},"wordCount":85,"commentCount":0,"publisher":{"@id":"https:\/\/mgradio.be\/#organization"},"image":{"@id":"https:\/\/mgradio.be\/index.php\/2026\/03\/17\/emission-la-croisiere-folk\/#primaryimage"},"thumbnailUrl":"https:\/\/mgradio.be\/wp-content\/uploads\/2025\/09\/ercoop_0.jpg","keywords":["croisiere folk","la croisi\u00e8re folk"],"articleSection":["CROISIERE FOLK","EMISSIONS"],"inLanguage":"fr-BE","potentialAction":[{"@type":"CommentAction","name":"Comment","target":["https:\/\/mgradio.be\/index.php\/2026\/03\/17\/emission-la-croisiere-folk\/#respond"]}]},{"@type":"WebPage","@id":"https:\/\/mgradio.be\/index.php\/2026\/03\/17\/emission-la-croisiere-folk\/","url":"https:\/\/mgradio.be\/index.php\/2026\/03\/17\/emission-la-croisiere-folk\/","name":"EMISSION | LA CROISIERE FOLK - MG RADIO","isPartOf":{"@id":"https:\/\/mgradio.be\/#website"},"primaryImageOfPage":{"@id":"https:\/\/mgradio.be\/index.php\/2026\/03\/17\/emission-la-croisiere-folk\/#primaryimage"},"image":{"@id":"https:\/\/mgradio.be\/index.php\/2026\/03\/17\/emission-la-croisiere-folk\/#primaryimage"},"thumbnailUrl":"https:\/\/mgradio.be\/wp-content\/uploads\/2025\/09\/ercoop_0.jpg","datePublished":"2026-03-17T12:16:41+00:00","dateModified":"2026-03-17T12:18:08+00:00","breadcrumb":{"@id":"https:\/\/mgradio.be\/index.php\/2026\/03\/17\/emission-la-croisiere-folk\/#breadcrumb"},"inLanguage":"fr-BE","potentialAction":[{"@type":"ReadAction","target":["https:\/\/mgradio.be\/index.php\/2026\/03\/17\/emission-la-croisiere-folk\/"]}]},{"@type":"ImageObject","inLanguage":"fr-BE","@id":"https:\/\/mgradio.be\/index.php\/2026\/03\/17\/emission-la-croisiere-folk\/#primaryimage","url":"https:\/\/mgradio.be\/wp-content\/uploads\/2025\/09\/ercoop_0.jpg","contentUrl":"https:\/\/mgradio.be\/wp-content\/uploads\/2025\/09\/ercoop_0.jpg","width":960,"height":960},{"@type":"BreadcrumbList","@id":"https:\/\/mgradio.be\/index.php\/2026\/03\/17\/emission-la-croisiere-folk\/#breadcrumb","itemListElement":[{"@type":"ListItem","position":1,"name":"Accueil","item":"https:\/\/mgradio.be\/"},{"@type":"ListItem","position":2,"name":"EMISSION | LA CROISIERE FOLK"}]},{"@type":"WebSite","@id":"https:\/\/mgradio.be\/#website","url":"https:\/\/mgradio.be\/","name":"MG RADIO BELGIQUE","description":"","publisher":{"@id":"https:\/\/mgradio.be\/#organization"},"potentialAction":[{"@type":"SearchAction","target":{"@type":"EntryPoint","urlTemplate":"https:\/\/mgradio.be\/?s={search_term_string}"},"query-input":{"@type":"PropertyValueSpecification","valueRequired":true,"valueName":"search_term_string"}}],"inLanguage":"fr-BE"},{"@type":"Organization","@id":"https:\/\/mgradio.be\/#organization","name":"MG RADIO BELGIQUE","url":"https:\/\/mgradio.be\/","logo":{"@type":"ImageObject","inLanguage":"fr-BE","@id":"https:\/\/mgradio.be\/#\/schema\/logo\/image\/","url":"https:\/\/mgradio.be\/wp-content\/uploads\/2025\/07\/499313877_678853151563626_2649022349240943846_n.jpg","contentUrl":"https:\/\/mgradio.be\/wp-content\/uploads\/2025\/07\/499313877_678853151563626_2649022349240943846_n.jpg","width":1600,"height":1600,"caption":"MG RADIO BELGIQUE"},"image":{"@id":"https:\/\/mgradio.be\/#\/schema\/logo\/image\/"},"sameAs":["https:\/\/www.facebook.com\/mgradiobelgique"]},{"@type":"Person","@id":"https:\/\/mgradio.be\/#\/schema\/person\/507e7e00f60eea3fbf12200b21c5ad01","name":"Laurent Etienne","image":{"@type":"ImageObject","inLanguage":"fr-BE","@id":"https:\/\/secure.gravatar.com\/avatar\/7d460c3feea5979bad208db274d36f455edc3293c1ba872390800ebee11f35ef?s=96&d=mm&r=g","url":"https:\/\/secure.gravatar.com\/avatar\/7d460c3feea5979bad208db274d36f455edc3293c1ba872390800ebee11f35ef?s=96&d=mm&r=g","contentUrl":"https:\/\/secure.gravatar.com\/avatar\/7d460c3feea5979bad208db274d36f455edc3293c1ba872390800ebee11f35ef?s=96&d=mm&r=g","caption":"Laurent Etienne"},"sameAs":["https:\/\/kaptivatv.net\/mgradio"],"url":"https:\/\/mgradio.be\/index.php\/author\/laurent-etienne\/"}]}},"jetpack_publicize_connections":[],"jetpack_featured_media_url":"https:\/\/mgradio.be\/wp-content\/uploads\/2025\/09\/ercoop_0.jpg","jetpack_sharing_enabled":true,"_links":{"self":[{"href":"https:\/\/mgradio.be\/index.php\/wp-json\/wp\/v2\/posts\/344","targetHints":{"allow":["GET"]}}],"collection":[{"href":"https:\/\/mgradio.be\/index.php\/wp-json\/wp\/v2\/posts"}],"about":[{"href":"https:\/\/mgradio.be\/index.php\/wp-json\/wp\/v2\/types\/post"}],"author":[{"embeddable":true,"href":"https:\/\/mgradio.be\/index.php\/wp-json\/wp\/v2\/users\/1"}],"replies":[{"embeddable":true,"href":"https:\/\/mgradio.be\/index.php\/wp-json\/wp\/v2\/comments?post=344"}],"version-history":[{"count":1,"href":"https:\/\/mgradio.be\/index.php\/wp-json\/wp\/v2\/posts\/344\/revisions"}],"predecessor-version":[{"id":345,"href":"https:\/\/mgradio.be\/index.php\/wp-json\/wp\/v2\/posts\/344\/revisions\/345"}],"wp:featuredmedia":[{"embeddable":true,"href":"https:\/\/mgradio.be\/index.php\/wp-json\/wp\/v2\/media\/216"}],"wp:attachment":[{"href":"https:\/\/mgradio.be\/index.php\/wp-json\/wp\/v2\/media?parent=344"}],"wp:term":[{"taxonomy":"category","embeddable":true,"href":"https:\/\/mgradio.be\/index.php\/wp-json\/wp\/v2\/categories?post=344"},{"taxonomy":"post_tag","embeddable":true,"href":"https:\/\/mgradio.be\/index.php\/wp-json\/wp\/v2\/tags?post=344"}],"curies":[{"name":"wp","href":"https:\/\/api.w.org\/{rel}","templated":true}]}}