{"id":347,"date":"2026-03-19T13:12:09","date_gmt":"2026-03-19T12:12:09","guid":{"rendered":"https:\/\/mgradio.be\/?p=347"},"modified":"2026-03-19T13:12:41","modified_gmt":"2026-03-19T12:12:41","slug":"cinestory-mgradio-sera-au-bifff-2026","status":"publish","type":"post","link":"https:\/\/mgradio.be\/index.php\/2026\/03\/19\/cinestory-mgradio-sera-au-bifff-2026\/","title":{"rendered":"CINESTORY | MGRADIO sera au BIFFF 2026"},"content":{"rendered":"\n<p><strong>MGRADIO et<\/strong> <strong>CINESTORY seront pr\u00e9sents \u00e0 Bruxelles pour un Festival hors du commun d\u00e9but avril 2026.<\/strong><\/p>\n\n\n\n<p>Tous les jours, interviews, photos, vid\u00e9os, articles et moments forts des films en pr\u00e9sence !<\/p>\n\n\n\n<p>Pensez vous aussi \u00e0 r\u00e9server vos places, ce Festival en vaut le d\u00e9tour !<\/p>\n\n\n\n<p>Pour info : le teaser en vid\u00e9o !<\/p>\n\n\n\n<figure class=\"wp-block-embed is-type-video is-provider-youtube wp-block-embed-youtube wp-embed-aspect-16-9 wp-has-aspect-ratio\"><div class=\"wp-block-embed__wrapper\">\n<div class=\"jetpack-video-wrapper\"><iframe loading=\"lazy\" title=\"Teaser BIFFF 2026\" width=\"819\" height=\"461\" src=\"https:\/\/www.youtube.com\/embed\/R0hOyNbcoKI?feature=oembed\" frameborder=\"0\" allow=\"accelerometer; autoplay; clipboard-write; encrypted-media; gyroscope; picture-in-picture; web-share\" referrerpolicy=\"strict-origin-when-cross-origin\" allowfullscreen><\/iframe><\/div>\n<\/div><\/figure>\n","protected":false},"excerpt":{"rendered":"<p>MGRADIO et CINESTORY seront pr\u00e9sents \u00e0 Bruxelles pour un Festival hors du commun d\u00e9but avril 2026. Tous les jours, interviews, photos, vid\u00e9os, articles et moments [&hellip;]<\/p>\n","protected":false},"author":1,"featured_media":348,"comment_status":"open","ping_status":"open","sticky":false,"template":"","format":"standard","meta":{"om_disable_all_campaigns":false,"_jetpack_memberships_contains_paid_content":false,"footnotes":"","jetpack_publicize_message":"","jetpack_publicize_feature_enabled":true,"jetpack_social_post_already_shared":true,"jetpack_social_options":{"image_generator_settings":{"template":"highway","default_image_id":0,"font":"","enabled":false},"version":2}},"categories":[23,9,3],"tags":[225,224,25],"class_list":["post-347","post","type-post","status-publish","format-standard","has-post-thumbnail","hentry","category-cinestory","category-emissions","category-news","tag-bifff","tag-bifff-2026","tag-cinestory"],"yoast_head":"<!-- This site is optimized with the Yoast SEO plugin v27.4 - https:\/\/yoast.com\/product\/yoast-seo-wordpress\/ -->\n<title>CINESTORY | MGRADIO sera au BIFFF 2026 - MG RADIO<\/title>\n<meta name=\"robots\" content=\"index, follow, max-snippet:-1, max-image-preview:large, max-video-preview:-1\" \/>\n<link rel=\"canonical\" href=\"https:\/\/mgradio.be\/index.php\/2026\/03\/19\/cinestory-mgradio-sera-au-bifff-2026\/\" \/>\n<meta property=\"og:locale\" content=\"fr_FR\" \/>\n<meta property=\"og:type\" content=\"article\" \/>\n<meta property=\"og:title\" content=\"CINESTORY | MGRADIO sera au BIFFF 2026 - MG RADIO\" \/>\n<meta property=\"og:description\" content=\"MGRADIO et CINESTORY seront pr\u00e9sents \u00e0 Bruxelles pour un Festival hors du commun d\u00e9but avril 2026. Tous les jours, interviews, photos, vid\u00e9os, articles et moments [&hellip;]\" \/>\n<meta property=\"og:url\" content=\"https:\/\/mgradio.be\/index.php\/2026\/03\/19\/cinestory-mgradio-sera-au-bifff-2026\/\" \/>\n<meta property=\"og:site_name\" content=\"MG RADIO\" \/>\n<meta property=\"article:publisher\" content=\"https:\/\/www.facebook.com\/mgradiobelgique\" \/>\n<meta property=\"article:published_time\" content=\"2026-03-19T12:12:09+00:00\" \/>\n<meta property=\"article:modified_time\" content=\"2026-03-19T12:12:41+00:00\" \/>\n<meta property=\"og:image\" content=\"https:\/\/mgradio.be\/wp-content\/uploads\/2026\/03\/images-1.png\" \/>\n\t<meta property=\"og:image:width\" content=\"189\" \/>\n\t<meta property=\"og:image:height\" content=\"267\" \/>\n\t<meta property=\"og:image:type\" content=\"image\/png\" \/>\n<meta name=\"author\" content=\"Laurent Etienne\" \/>\n<meta name=\"twitter:card\" content=\"summary_large_image\" \/>\n<meta name=\"twitter:label1\" content=\"\u00c9crit par\" \/>\n\t<meta name=\"twitter:data1\" content=\"Laurent Etienne\" \/>\n\t<meta name=\"twitter:label2\" content=\"Dur\u00e9e de lecture est.\" \/>\n\t<meta name=\"twitter:data2\" content=\"1 minute\" \/>\n<script type=\"application\/ld+json\" class=\"yoast-schema-graph\">{\"@context\":\"https:\\\/\\\/schema.org\",\"@graph\":[{\"@type\":\"Article\",\"@id\":\"https:\\\/\\\/mgradio.be\\\/index.php\\\/2026\\\/03\\\/19\\\/cinestory-mgradio-sera-au-bifff-2026\\\/#article\",\"isPartOf\":{\"@id\":\"https:\\\/\\\/mgradio.be\\\/index.php\\\/2026\\\/03\\\/19\\\/cinestory-mgradio-sera-au-bifff-2026\\\/\"},\"author\":{\"name\":\"Laurent Etienne\",\"@id\":\"https:\\\/\\\/mgradio.be\\\/#\\\/schema\\\/person\\\/507e7e00f60eea3fbf12200b21c5ad01\"},\"headline\":\"CINESTORY | MGRADIO sera au BIFFF 2026\",\"datePublished\":\"2026-03-19T12:12:09+00:00\",\"dateModified\":\"2026-03-19T12:12:41+00:00\",\"mainEntityOfPage\":{\"@id\":\"https:\\\/\\\/mgradio.be\\\/index.php\\\/2026\\\/03\\\/19\\\/cinestory-mgradio-sera-au-bifff-2026\\\/\"},\"wordCount\":63,\"commentCount\":0,\"publisher\":{\"@id\":\"https:\\\/\\\/mgradio.be\\\/#organization\"},\"image\":{\"@id\":\"https:\\\/\\\/mgradio.be\\\/index.php\\\/2026\\\/03\\\/19\\\/cinestory-mgradio-sera-au-bifff-2026\\\/#primaryimage\"},\"thumbnailUrl\":\"https:\\\/\\\/mgradio.be\\\/wp-content\\\/uploads\\\/2026\\\/03\\\/images-1.png\",\"keywords\":[\"bifff\",\"bifff 2026\",\"cinestory\"],\"articleSection\":[\"CINESTORY\",\"EMISSIONS\",\"NEWS\"],\"inLanguage\":\"fr-BE\",\"potentialAction\":[{\"@type\":\"CommentAction\",\"name\":\"Comment\",\"target\":[\"https:\\\/\\\/mgradio.be\\\/index.php\\\/2026\\\/03\\\/19\\\/cinestory-mgradio-sera-au-bifff-2026\\\/#respond\"]}]},{\"@type\":\"WebPage\",\"@id\":\"https:\\\/\\\/mgradio.be\\\/index.php\\\/2026\\\/03\\\/19\\\/cinestory-mgradio-sera-au-bifff-2026\\\/\",\"url\":\"https:\\\/\\\/mgradio.be\\\/index.php\\\/2026\\\/03\\\/19\\\/cinestory-mgradio-sera-au-bifff-2026\\\/\",\"name\":\"CINESTORY | MGRADIO sera au BIFFF 2026 - MG RADIO\",\"isPartOf\":{\"@id\":\"https:\\\/\\\/mgradio.be\\\/#website\"},\"primaryImageOfPage\":{\"@id\":\"https:\\\/\\\/mgradio.be\\\/index.php\\\/2026\\\/03\\\/19\\\/cinestory-mgradio-sera-au-bifff-2026\\\/#primaryimage\"},\"image\":{\"@id\":\"https:\\\/\\\/mgradio.be\\\/index.php\\\/2026\\\/03\\\/19\\\/cinestory-mgradio-sera-au-bifff-2026\\\/#primaryimage\"},\"thumbnailUrl\":\"https:\\\/\\\/mgradio.be\\\/wp-content\\\/uploads\\\/2026\\\/03\\\/images-1.png\",\"datePublished\":\"2026-03-19T12:12:09+00:00\",\"dateModified\":\"2026-03-19T12:12:41+00:00\",\"breadcrumb\":{\"@id\":\"https:\\\/\\\/mgradio.be\\\/index.php\\\/2026\\\/03\\\/19\\\/cinestory-mgradio-sera-au-bifff-2026\\\/#breadcrumb\"},\"inLanguage\":\"fr-BE\",\"potentialAction\":[{\"@type\":\"ReadAction\",\"target\":[\"https:\\\/\\\/mgradio.be\\\/index.php\\\/2026\\\/03\\\/19\\\/cinestory-mgradio-sera-au-bifff-2026\\\/\"]}]},{\"@type\":\"ImageObject\",\"inLanguage\":\"fr-BE\",\"@id\":\"https:\\\/\\\/mgradio.be\\\/index.php\\\/2026\\\/03\\\/19\\\/cinestory-mgradio-sera-au-bifff-2026\\\/#primaryimage\",\"url\":\"https:\\\/\\\/mgradio.be\\\/wp-content\\\/uploads\\\/2026\\\/03\\\/images-1.png\",\"contentUrl\":\"https:\\\/\\\/mgradio.be\\\/wp-content\\\/uploads\\\/2026\\\/03\\\/images-1.png\",\"width\":189,\"height\":267},{\"@type\":\"BreadcrumbList\",\"@id\":\"https:\\\/\\\/mgradio.be\\\/index.php\\\/2026\\\/03\\\/19\\\/cinestory-mgradio-sera-au-bifff-2026\\\/#breadcrumb\",\"itemListElement\":[{\"@type\":\"ListItem\",\"position\":1,\"name\":\"Accueil\",\"item\":\"https:\\\/\\\/mgradio.be\\\/\"},{\"@type\":\"ListItem\",\"position\":2,\"name\":\"CINESTORY | MGRADIO sera au BIFFF 2026\"}]},{\"@type\":\"WebSite\",\"@id\":\"https:\\\/\\\/mgradio.be\\\/#website\",\"url\":\"https:\\\/\\\/mgradio.be\\\/\",\"name\":\"MG RADIO BELGIQUE\",\"description\":\"\",\"publisher\":{\"@id\":\"https:\\\/\\\/mgradio.be\\\/#organization\"},\"potentialAction\":[{\"@type\":\"SearchAction\",\"target\":{\"@type\":\"EntryPoint\",\"urlTemplate\":\"https:\\\/\\\/mgradio.be\\\/?s={search_term_string}\"},\"query-input\":{\"@type\":\"PropertyValueSpecification\",\"valueRequired\":true,\"valueName\":\"search_term_string\"}}],\"inLanguage\":\"fr-BE\"},{\"@type\":\"Organization\",\"@id\":\"https:\\\/\\\/mgradio.be\\\/#organization\",\"name\":\"MG RADIO BELGIQUE\",\"url\":\"https:\\\/\\\/mgradio.be\\\/\",\"logo\":{\"@type\":\"ImageObject\",\"inLanguage\":\"fr-BE\",\"@id\":\"https:\\\/\\\/mgradio.be\\\/#\\\/schema\\\/logo\\\/image\\\/\",\"url\":\"https:\\\/\\\/mgradio.be\\\/wp-content\\\/uploads\\\/2025\\\/07\\\/499313877_678853151563626_2649022349240943846_n.jpg\",\"contentUrl\":\"https:\\\/\\\/mgradio.be\\\/wp-content\\\/uploads\\\/2025\\\/07\\\/499313877_678853151563626_2649022349240943846_n.jpg\",\"width\":1600,\"height\":1600,\"caption\":\"MG RADIO BELGIQUE\"},\"image\":{\"@id\":\"https:\\\/\\\/mgradio.be\\\/#\\\/schema\\\/logo\\\/image\\\/\"},\"sameAs\":[\"https:\\\/\\\/www.facebook.com\\\/mgradiobelgique\"]},{\"@type\":\"Person\",\"@id\":\"https:\\\/\\\/mgradio.be\\\/#\\\/schema\\\/person\\\/507e7e00f60eea3fbf12200b21c5ad01\",\"name\":\"Laurent Etienne\",\"image\":{\"@type\":\"ImageObject\",\"inLanguage\":\"fr-BE\",\"@id\":\"https:\\\/\\\/secure.gravatar.com\\\/avatar\\\/7d460c3feea5979bad208db274d36f455edc3293c1ba872390800ebee11f35ef?s=96&d=mm&r=g\",\"url\":\"https:\\\/\\\/secure.gravatar.com\\\/avatar\\\/7d460c3feea5979bad208db274d36f455edc3293c1ba872390800ebee11f35ef?s=96&d=mm&r=g\",\"contentUrl\":\"https:\\\/\\\/secure.gravatar.com\\\/avatar\\\/7d460c3feea5979bad208db274d36f455edc3293c1ba872390800ebee11f35ef?s=96&d=mm&r=g\",\"caption\":\"Laurent Etienne\"},\"sameAs\":[\"https:\\\/\\\/kaptivatv.net\\\/mgradio\"],\"url\":\"https:\\\/\\\/mgradio.be\\\/index.php\\\/author\\\/laurent-etienne\\\/\"}]}<\/script>\n<!-- \/ Yoast SEO plugin. -->","yoast_head_json":{"title":"CINESTORY | MGRADIO sera au BIFFF 2026 - MG RADIO","robots":{"index":"index","follow":"follow","max-snippet":"max-snippet:-1","max-image-preview":"max-image-preview:large","max-video-preview":"max-video-preview:-1"},"canonical":"https:\/\/mgradio.be\/index.php\/2026\/03\/19\/cinestory-mgradio-sera-au-bifff-2026\/","og_locale":"fr_FR","og_type":"article","og_title":"CINESTORY | MGRADIO sera au BIFFF 2026 - MG RADIO","og_description":"MGRADIO et CINESTORY seront pr\u00e9sents \u00e0 Bruxelles pour un Festival hors du commun d\u00e9but avril 2026. Tous les jours, interviews, photos, vid\u00e9os, articles et moments [&hellip;]","og_url":"https:\/\/mgradio.be\/index.php\/2026\/03\/19\/cinestory-mgradio-sera-au-bifff-2026\/","og_site_name":"MG RADIO","article_publisher":"https:\/\/www.facebook.com\/mgradiobelgique","article_published_time":"2026-03-19T12:12:09+00:00","article_modified_time":"2026-03-19T12:12:41+00:00","og_image":[{"width":189,"height":267,"url":"https:\/\/mgradio.be\/wp-content\/uploads\/2026\/03\/images-1.png","type":"image\/png"}],"author":"Laurent Etienne","twitter_card":"summary_large_image","twitter_misc":{"\u00c9crit par":"Laurent Etienne","Dur\u00e9e de lecture est.":"1 minute"},"schema":{"@context":"https:\/\/schema.org","@graph":[{"@type":"Article","@id":"https:\/\/mgradio.be\/index.php\/2026\/03\/19\/cinestory-mgradio-sera-au-bifff-2026\/#article","isPartOf":{"@id":"https:\/\/mgradio.be\/index.php\/2026\/03\/19\/cinestory-mgradio-sera-au-bifff-2026\/"},"author":{"name":"Laurent Etienne","@id":"https:\/\/mgradio.be\/#\/schema\/person\/507e7e00f60eea3fbf12200b21c5ad01"},"headline":"CINESTORY | MGRADIO sera au BIFFF 2026","datePublished":"2026-03-19T12:12:09+00:00","dateModified":"2026-03-19T12:12:41+00:00","mainEntityOfPage":{"@id":"https:\/\/mgradio.be\/index.php\/2026\/03\/19\/cinestory-mgradio-sera-au-bifff-2026\/"},"wordCount":63,"commentCount":0,"publisher":{"@id":"https:\/\/mgradio.be\/#organization"},"image":{"@id":"https:\/\/mgradio.be\/index.php\/2026\/03\/19\/cinestory-mgradio-sera-au-bifff-2026\/#primaryimage"},"thumbnailUrl":"https:\/\/mgradio.be\/wp-content\/uploads\/2026\/03\/images-1.png","keywords":["bifff","bifff 2026","cinestory"],"articleSection":["CINESTORY","EMISSIONS","NEWS"],"inLanguage":"fr-BE","potentialAction":[{"@type":"CommentAction","name":"Comment","target":["https:\/\/mgradio.be\/index.php\/2026\/03\/19\/cinestory-mgradio-sera-au-bifff-2026\/#respond"]}]},{"@type":"WebPage","@id":"https:\/\/mgradio.be\/index.php\/2026\/03\/19\/cinestory-mgradio-sera-au-bifff-2026\/","url":"https:\/\/mgradio.be\/index.php\/2026\/03\/19\/cinestory-mgradio-sera-au-bifff-2026\/","name":"CINESTORY | MGRADIO sera au BIFFF 2026 - MG RADIO","isPartOf":{"@id":"https:\/\/mgradio.be\/#website"},"primaryImageOfPage":{"@id":"https:\/\/mgradio.be\/index.php\/2026\/03\/19\/cinestory-mgradio-sera-au-bifff-2026\/#primaryimage"},"image":{"@id":"https:\/\/mgradio.be\/index.php\/2026\/03\/19\/cinestory-mgradio-sera-au-bifff-2026\/#primaryimage"},"thumbnailUrl":"https:\/\/mgradio.be\/wp-content\/uploads\/2026\/03\/images-1.png","datePublished":"2026-03-19T12:12:09+00:00","dateModified":"2026-03-19T12:12:41+00:00","breadcrumb":{"@id":"https:\/\/mgradio.be\/index.php\/2026\/03\/19\/cinestory-mgradio-sera-au-bifff-2026\/#breadcrumb"},"inLanguage":"fr-BE","potentialAction":[{"@type":"ReadAction","target":["https:\/\/mgradio.be\/index.php\/2026\/03\/19\/cinestory-mgradio-sera-au-bifff-2026\/"]}]},{"@type":"ImageObject","inLanguage":"fr-BE","@id":"https:\/\/mgradio.be\/index.php\/2026\/03\/19\/cinestory-mgradio-sera-au-bifff-2026\/#primaryimage","url":"https:\/\/mgradio.be\/wp-content\/uploads\/2026\/03\/images-1.png","contentUrl":"https:\/\/mgradio.be\/wp-content\/uploads\/2026\/03\/images-1.png","width":189,"height":267},{"@type":"BreadcrumbList","@id":"https:\/\/mgradio.be\/index.php\/2026\/03\/19\/cinestory-mgradio-sera-au-bifff-2026\/#breadcrumb","itemListElement":[{"@type":"ListItem","position":1,"name":"Accueil","item":"https:\/\/mgradio.be\/"},{"@type":"ListItem","position":2,"name":"CINESTORY | MGRADIO sera au BIFFF 2026"}]},{"@type":"WebSite","@id":"https:\/\/mgradio.be\/#website","url":"https:\/\/mgradio.be\/","name":"MG RADIO BELGIQUE","description":"","publisher":{"@id":"https:\/\/mgradio.be\/#organization"},"potentialAction":[{"@type":"SearchAction","target":{"@type":"EntryPoint","urlTemplate":"https:\/\/mgradio.be\/?s={search_term_string}"},"query-input":{"@type":"PropertyValueSpecification","valueRequired":true,"valueName":"search_term_string"}}],"inLanguage":"fr-BE"},{"@type":"Organization","@id":"https:\/\/mgradio.be\/#organization","name":"MG RADIO BELGIQUE","url":"https:\/\/mgradio.be\/","logo":{"@type":"ImageObject","inLanguage":"fr-BE","@id":"https:\/\/mgradio.be\/#\/schema\/logo\/image\/","url":"https:\/\/mgradio.be\/wp-content\/uploads\/2025\/07\/499313877_678853151563626_2649022349240943846_n.jpg","contentUrl":"https:\/\/mgradio.be\/wp-content\/uploads\/2025\/07\/499313877_678853151563626_2649022349240943846_n.jpg","width":1600,"height":1600,"caption":"MG RADIO BELGIQUE"},"image":{"@id":"https:\/\/mgradio.be\/#\/schema\/logo\/image\/"},"sameAs":["https:\/\/www.facebook.com\/mgradiobelgique"]},{"@type":"Person","@id":"https:\/\/mgradio.be\/#\/schema\/person\/507e7e00f60eea3fbf12200b21c5ad01","name":"Laurent Etienne","image":{"@type":"ImageObject","inLanguage":"fr-BE","@id":"https:\/\/secure.gravatar.com\/avatar\/7d460c3feea5979bad208db274d36f455edc3293c1ba872390800ebee11f35ef?s=96&d=mm&r=g","url":"https:\/\/secure.gravatar.com\/avatar\/7d460c3feea5979bad208db274d36f455edc3293c1ba872390800ebee11f35ef?s=96&d=mm&r=g","contentUrl":"https:\/\/secure.gravatar.com\/avatar\/7d460c3feea5979bad208db274d36f455edc3293c1ba872390800ebee11f35ef?s=96&d=mm&r=g","caption":"Laurent Etienne"},"sameAs":["https:\/\/kaptivatv.net\/mgradio"],"url":"https:\/\/mgradio.be\/index.php\/author\/laurent-etienne\/"}]}},"jetpack_publicize_connections":[],"jetpack_featured_media_url":"https:\/\/mgradio.be\/wp-content\/uploads\/2026\/03\/images-1.png","jetpack_sharing_enabled":true,"_links":{"self":[{"href":"https:\/\/mgradio.be\/index.php\/wp-json\/wp\/v2\/posts\/347","targetHints":{"allow":["GET"]}}],"collection":[{"href":"https:\/\/mgradio.be\/index.php\/wp-json\/wp\/v2\/posts"}],"about":[{"href":"https:\/\/mgradio.be\/index.php\/wp-json\/wp\/v2\/types\/post"}],"author":[{"embeddable":true,"href":"https:\/\/mgradio.be\/index.php\/wp-json\/wp\/v2\/users\/1"}],"replies":[{"embeddable":true,"href":"https:\/\/mgradio.be\/index.php\/wp-json\/wp\/v2\/comments?post=347"}],"version-history":[{"count":1,"href":"https:\/\/mgradio.be\/index.php\/wp-json\/wp\/v2\/posts\/347\/revisions"}],"predecessor-version":[{"id":349,"href":"https:\/\/mgradio.be\/index.php\/wp-json\/wp\/v2\/posts\/347\/revisions\/349"}],"wp:featuredmedia":[{"embeddable":true,"href":"https:\/\/mgradio.be\/index.php\/wp-json\/wp\/v2\/media\/348"}],"wp:attachment":[{"href":"https:\/\/mgradio.be\/index.php\/wp-json\/wp\/v2\/media?parent=347"}],"wp:term":[{"taxonomy":"category","embeddable":true,"href":"https:\/\/mgradio.be\/index.php\/wp-json\/wp\/v2\/categories?post=347"},{"taxonomy":"post_tag","embeddable":true,"href":"https:\/\/mgradio.be\/index.php\/wp-json\/wp\/v2\/tags?post=347"}],"curies":[{"name":"wp","href":"https:\/\/api.w.org\/{rel}","templated":true}]}}