{"id":376,"date":"2026-04-30T10:22:39","date_gmt":"2026-04-30T08:22:39","guid":{"rendered":"https:\/\/mgradio.be\/?p=376"},"modified":"2026-04-30T10:24:22","modified_gmt":"2026-04-30T08:24:22","slug":"emission-eric-cooper-est-la-pour-vous","status":"publish","type":"post","link":"https:\/\/mgradio.be\/index.php\/2026\/04\/30\/emission-eric-cooper-est-la-pour-vous\/","title":{"rendered":"EMISSION | ERIC COOPER est l\u00e0 pour vous !"},"content":{"rendered":"\n<p><strong>Vous \u00eates Artiste, Responsable Associatif, Porteur de Projet Positifs, Ecrivain(e) ? <\/strong><\/p>\n\n\n\n<p><strong>Faites entendre votre parcours dans le Podcast \u00ab\u00a0Les Interviews d&rsquo;Eric Cooper\u00a0\u00bb<\/strong><\/p>\n\n\n\n<p>Depuis plusieurs ann\u00e9es, avec Les Interviews d\u2019Eric Cooper, je vais \u00e0 la rencontre de celles et ceux qui cr\u00e9ent, inspirent et font bouger les lignes. Aujourd\u2019hui, l\u2019aventure prend une nouvelle dimension\u2026 et s\u2019ouvre encore davantage. <\/p>\n\n\n\n<p>Dans le cadre du podcast, de mes articles pour Jimagine et de la future Web TV du m\u00e9dia, je lance un appel aux passionn\u00e9(e)s et aux engag\u00e9(e)s. Artistes, \u00e9crivain(e)s, acteurs et actrices de l\u2019\u00e9cologie, responsables associatifs, porteurs de projets positifs : votre voix compte. Mes interviews sont diffus\u00e9es sur plusieurs radios , offrant une visibilit\u00e9 r\u00e9elle et concr\u00e8te. <\/p>\n\n\n\n<p>Votre parcours m\u00e9rite d\u2019\u00eatre racont\u00e9. Votre \u00e9nergie m\u00e9rite d\u2019\u00eatre partag\u00e9e. Ma d\u00e9marche : mettre en lumi\u00e8re des initiatives inspirantes et des trajectoires humaines fortes, avec sinc\u00e9rit\u00e9 et authenticit\u00e9. Chaque rencontre se fait en face \u00e0 face en Belgique (ou selon les possibilit\u00e9s), dans un esprit libre, loin des formats fig\u00e9s. Tr\u00e8s bient\u00f4t, ces \u00e9changes prendront aussi vie en images sur la Web TV de Jimagine. Vous avez une histoire \u00e0 raconter, un projet \u00e0 faire d\u00e9couvrir, une voix \u00e0 faire entendre ?<\/p>\n\n\n\n<p>Ou vous connaissez quelqu\u2019un qui devrait absolument \u00eatre interview\u00e9\u2026 peut-\u00eatre serez-vous le prochain.<\/p>\n\n\n\n<p>Contact : GSM : 0474 23 77 16 (Pas de panique si je ne r\u00e9pond pas, c&rsquo;est que je suis en studio. Laissez moi un message sympa et je vous recontacte au plus vite)<\/p>\n\n\n\n<p>Email : cooper.eric.21@gmail.com<\/p>\n\n\n\n<p class=\"has-text-align-center\"><strong>ILS RACONTENT LEUR EXPERIENCE &#8230;<\/strong><\/p>\n\n\n\n<p>+> <strong><em>Encore un grand merci de notre tr\u00e8s agr\u00e9able conversation ce matin<\/em><\/strong> (Mark Eyskens \u00e0 propos de l\u2019interview pour le podcast \u201cMark Eyskens, l\u2019ex Premier Ministre Belge nous invite a nous poser les bonnes questions\u201d)<\/p>\n\n\n\n<p>+> <strong><em>Vraiment super sympa, l&rsquo;invit\u00e9 parle bien et beaucoup, on a envie de l&rsquo;\u00e9couter. Les questions sont courtes et pertinentes. C&rsquo;est tr\u00e8s agr\u00e9able<\/em><\/strong> (L\u2019\u00e9quipe de la plateforme Vodio \u00e0 propos de l\u2019ensemble de ma production de podcasts)<\/p>\n\n\n\n<p>+&gt; Bien merci , \u00c9ric pour ce beau rendu. La qualit\u00e9 de son est fort bonne et l\u2019\u00e9mission passe tr\u00e8s bien (Benoit Goffin pour \u201cMesses Ameres\u201d un thriller monastique)<\/p>\n\n\n\n<p>+> <strong><em>Le gaillard sait mener une interview, avec respect et intelligence, et susciter des paroles parfois int\u00e9ressantes <\/em><\/strong>(Gilles Duvivier le r\u00e9colteur de s\u00e8ve de bouleau)<\/p>\n\n\n\n<p><a href=\"https:\/\/www.facebook.com\/hashtag\/podcast?__cft__[0]=AZb3PLp0OTeeumM0xUw-7bQg52Y8Mb_kS0vTs64Uhltnw9G1C9fry_Zs2m48I7gIKMK4QzFZuXiLkT7qI1aZyGqLaJNzSL-vv1DfZpsiFaw3_SQy8dSJlz1xdDkCCNmkcujgYB2_Eeakd1aR_KPlueDHQp1tSW_26A1bjWAupfmG4poC45VZkz2CJfs-kWpQvNZc7R3rPxvHhmBfC-aSAGig&amp;__tn__=*NK-y-R\">#Podcast<\/a><a href=\"https:\/\/www.facebook.com\/hashtag\/m%C3%A9dia?__cft__[0]=AZb3PLp0OTeeumM0xUw-7bQg52Y8Mb_kS0vTs64Uhltnw9G1C9fry_Zs2m48I7gIKMK4QzFZuXiLkT7qI1aZyGqLaJNzSL-vv1DfZpsiFaw3_SQy8dSJlz1xdDkCCNmkcujgYB2_Eeakd1aR_KPlueDHQp1tSW_26A1bjWAupfmG4poC45VZkz2CJfs-kWpQvNZc7R3rPxvHhmBfC-aSAGig&amp;__tn__=*NK-y-R\">#M\u00e9dia<\/a><a href=\"https:\/\/www.facebook.com\/hashtag\/radio?__cft__[0]=AZb3PLp0OTeeumM0xUw-7bQg52Y8Mb_kS0vTs64Uhltnw9G1C9fry_Zs2m48I7gIKMK4QzFZuXiLkT7qI1aZyGqLaJNzSL-vv1DfZpsiFaw3_SQy8dSJlz1xdDkCCNmkcujgYB2_Eeakd1aR_KPlueDHQp1tSW_26A1bjWAupfmG4poC45VZkz2CJfs-kWpQvNZc7R3rPxvHhmBfC-aSAGig&amp;__tn__=*NK-y-R\">#Radio<\/a><a href=\"https:\/\/www.facebook.com\/hashtag\/interview?__cft__[0]=AZb3PLp0OTeeumM0xUw-7bQg52Y8Mb_kS0vTs64Uhltnw9G1C9fry_Zs2m48I7gIKMK4QzFZuXiLkT7qI1aZyGqLaJNzSL-vv1DfZpsiFaw3_SQy8dSJlz1xdDkCCNmkcujgYB2_Eeakd1aR_KPlueDHQp1tSW_26A1bjWAupfmG4poC45VZkz2CJfs-kWpQvNZc7R3rPxvHhmBfC-aSAGig&amp;__tn__=*NK-y-R\">#Interview<\/a><\/p>\n","protected":false},"excerpt":{"rendered":"<p>Vous \u00eates Artiste, Responsable Associatif, Porteur de Projet Positifs, Ecrivain(e) ? Faites entendre votre parcours dans le Podcast \u00ab\u00a0Les Interviews d&rsquo;Eric Cooper\u00a0\u00bb Depuis plusieurs ann\u00e9es, [&hellip;]<\/p>\n","protected":false},"author":1,"featured_media":377,"comment_status":"open","ping_status":"open","sticky":false,"template":"","format":"standard","meta":{"om_disable_all_campaigns":false,"_jetpack_memberships_contains_paid_content":false,"footnotes":"","jetpack_publicize_message":"","jetpack_publicize_feature_enabled":true,"jetpack_social_post_already_shared":true,"jetpack_social_options":{"image_generator_settings":{"template":"highway","default_image_id":0,"font":"","enabled":false},"version":2}},"categories":[9,3],"tags":[151,239],"class_list":["post-376","post","type-post","status-publish","format-standard","has-post-thumbnail","hentry","category-emissions","category-news","tag-eric-cooper","tag-interview"],"yoast_head":"<!-- This site is optimized with the Yoast SEO plugin v27.5 - https:\/\/yoast.com\/product\/yoast-seo-wordpress\/ -->\n<title>EMISSION | ERIC COOPER est l\u00e0 pour vous ! - MG RADIO<\/title>\n<meta name=\"robots\" content=\"index, follow, max-snippet:-1, max-image-preview:large, max-video-preview:-1\" \/>\n<link rel=\"canonical\" href=\"https:\/\/mgradio.be\/index.php\/2026\/04\/30\/emission-eric-cooper-est-la-pour-vous\/\" \/>\n<meta property=\"og:locale\" content=\"fr_FR\" \/>\n<meta property=\"og:type\" content=\"article\" \/>\n<meta property=\"og:title\" content=\"EMISSION | ERIC COOPER est l\u00e0 pour vous ! - MG RADIO\" \/>\n<meta property=\"og:description\" content=\"Vous \u00eates Artiste, Responsable Associatif, Porteur de Projet Positifs, Ecrivain(e) ? Faites entendre votre parcours dans le Podcast \u00ab\u00a0Les Interviews d&rsquo;Eric Cooper\u00a0\u00bb Depuis plusieurs ann\u00e9es, [&hellip;]\" \/>\n<meta property=\"og:url\" content=\"https:\/\/mgradio.be\/index.php\/2026\/04\/30\/emission-eric-cooper-est-la-pour-vous\/\" \/>\n<meta property=\"og:site_name\" content=\"MG RADIO\" \/>\n<meta property=\"article:publisher\" content=\"https:\/\/www.facebook.com\/mgradiobelgique\" \/>\n<meta property=\"article:published_time\" content=\"2026-04-30T08:22:39+00:00\" \/>\n<meta property=\"article:modified_time\" content=\"2026-04-30T08:24:22+00:00\" \/>\n<meta property=\"og:image\" content=\"https:\/\/mgradio.be\/wp-content\/uploads\/2026\/04\/684108571_26285953657766929_5617123623215299678_n.jpg\" \/>\n\t<meta property=\"og:image:width\" content=\"640\" \/>\n\t<meta property=\"og:image:height\" content=\"512\" \/>\n\t<meta property=\"og:image:type\" content=\"image\/jpeg\" \/>\n<meta name=\"author\" content=\"Laurent Etienne\" \/>\n<meta name=\"twitter:card\" content=\"summary_large_image\" \/>\n<meta name=\"twitter:label1\" content=\"\u00c9crit par\" \/>\n\t<meta name=\"twitter:data1\" content=\"Laurent Etienne\" \/>\n\t<meta name=\"twitter:label2\" content=\"Dur\u00e9e de lecture est.\" \/>\n\t<meta name=\"twitter:data2\" content=\"3 minutes\" \/>\n<script type=\"application\/ld+json\" class=\"yoast-schema-graph\">{\"@context\":\"https:\\\/\\\/schema.org\",\"@graph\":[{\"@type\":\"Article\",\"@id\":\"https:\\\/\\\/mgradio.be\\\/index.php\\\/2026\\\/04\\\/30\\\/emission-eric-cooper-est-la-pour-vous\\\/#article\",\"isPartOf\":{\"@id\":\"https:\\\/\\\/mgradio.be\\\/index.php\\\/2026\\\/04\\\/30\\\/emission-eric-cooper-est-la-pour-vous\\\/\"},\"author\":{\"name\":\"Laurent Etienne\",\"@id\":\"https:\\\/\\\/mgradio.be\\\/#\\\/schema\\\/person\\\/507e7e00f60eea3fbf12200b21c5ad01\"},\"headline\":\"EMISSION | ERIC COOPER est l\u00e0 pour vous !\",\"datePublished\":\"2026-04-30T08:22:39+00:00\",\"dateModified\":\"2026-04-30T08:24:22+00:00\",\"mainEntityOfPage\":{\"@id\":\"https:\\\/\\\/mgradio.be\\\/index.php\\\/2026\\\/04\\\/30\\\/emission-eric-cooper-est-la-pour-vous\\\/\"},\"wordCount\":417,\"commentCount\":0,\"publisher\":{\"@id\":\"https:\\\/\\\/mgradio.be\\\/#organization\"},\"image\":{\"@id\":\"https:\\\/\\\/mgradio.be\\\/index.php\\\/2026\\\/04\\\/30\\\/emission-eric-cooper-est-la-pour-vous\\\/#primaryimage\"},\"thumbnailUrl\":\"https:\\\/\\\/mgradio.be\\\/wp-content\\\/uploads\\\/2026\\\/04\\\/684108571_26285953657766929_5617123623215299678_n.jpg\",\"keywords\":[\"eric cooper\",\"interview\"],\"articleSection\":[\"EMISSIONS\",\"NEWS\"],\"inLanguage\":\"fr-BE\",\"potentialAction\":[{\"@type\":\"CommentAction\",\"name\":\"Comment\",\"target\":[\"https:\\\/\\\/mgradio.be\\\/index.php\\\/2026\\\/04\\\/30\\\/emission-eric-cooper-est-la-pour-vous\\\/#respond\"]}]},{\"@type\":\"WebPage\",\"@id\":\"https:\\\/\\\/mgradio.be\\\/index.php\\\/2026\\\/04\\\/30\\\/emission-eric-cooper-est-la-pour-vous\\\/\",\"url\":\"https:\\\/\\\/mgradio.be\\\/index.php\\\/2026\\\/04\\\/30\\\/emission-eric-cooper-est-la-pour-vous\\\/\",\"name\":\"EMISSION | ERIC COOPER est l\u00e0 pour vous ! - MG RADIO\",\"isPartOf\":{\"@id\":\"https:\\\/\\\/mgradio.be\\\/#website\"},\"primaryImageOfPage\":{\"@id\":\"https:\\\/\\\/mgradio.be\\\/index.php\\\/2026\\\/04\\\/30\\\/emission-eric-cooper-est-la-pour-vous\\\/#primaryimage\"},\"image\":{\"@id\":\"https:\\\/\\\/mgradio.be\\\/index.php\\\/2026\\\/04\\\/30\\\/emission-eric-cooper-est-la-pour-vous\\\/#primaryimage\"},\"thumbnailUrl\":\"https:\\\/\\\/mgradio.be\\\/wp-content\\\/uploads\\\/2026\\\/04\\\/684108571_26285953657766929_5617123623215299678_n.jpg\",\"datePublished\":\"2026-04-30T08:22:39+00:00\",\"dateModified\":\"2026-04-30T08:24:22+00:00\",\"breadcrumb\":{\"@id\":\"https:\\\/\\\/mgradio.be\\\/index.php\\\/2026\\\/04\\\/30\\\/emission-eric-cooper-est-la-pour-vous\\\/#breadcrumb\"},\"inLanguage\":\"fr-BE\",\"potentialAction\":[{\"@type\":\"ReadAction\",\"target\":[\"https:\\\/\\\/mgradio.be\\\/index.php\\\/2026\\\/04\\\/30\\\/emission-eric-cooper-est-la-pour-vous\\\/\"]}]},{\"@type\":\"ImageObject\",\"inLanguage\":\"fr-BE\",\"@id\":\"https:\\\/\\\/mgradio.be\\\/index.php\\\/2026\\\/04\\\/30\\\/emission-eric-cooper-est-la-pour-vous\\\/#primaryimage\",\"url\":\"https:\\\/\\\/mgradio.be\\\/wp-content\\\/uploads\\\/2026\\\/04\\\/684108571_26285953657766929_5617123623215299678_n.jpg\",\"contentUrl\":\"https:\\\/\\\/mgradio.be\\\/wp-content\\\/uploads\\\/2026\\\/04\\\/684108571_26285953657766929_5617123623215299678_n.jpg\",\"width\":640,\"height\":512},{\"@type\":\"BreadcrumbList\",\"@id\":\"https:\\\/\\\/mgradio.be\\\/index.php\\\/2026\\\/04\\\/30\\\/emission-eric-cooper-est-la-pour-vous\\\/#breadcrumb\",\"itemListElement\":[{\"@type\":\"ListItem\",\"position\":1,\"name\":\"Accueil\",\"item\":\"https:\\\/\\\/mgradio.be\\\/\"},{\"@type\":\"ListItem\",\"position\":2,\"name\":\"EMISSION | ERIC COOPER est l\u00e0 pour vous !\"}]},{\"@type\":\"WebSite\",\"@id\":\"https:\\\/\\\/mgradio.be\\\/#website\",\"url\":\"https:\\\/\\\/mgradio.be\\\/\",\"name\":\"MG RADIO BELGIQUE\",\"description\":\"\",\"publisher\":{\"@id\":\"https:\\\/\\\/mgradio.be\\\/#organization\"},\"potentialAction\":[{\"@type\":\"SearchAction\",\"target\":{\"@type\":\"EntryPoint\",\"urlTemplate\":\"https:\\\/\\\/mgradio.be\\\/?s={search_term_string}\"},\"query-input\":{\"@type\":\"PropertyValueSpecification\",\"valueRequired\":true,\"valueName\":\"search_term_string\"}}],\"inLanguage\":\"fr-BE\"},{\"@type\":\"Organization\",\"@id\":\"https:\\\/\\\/mgradio.be\\\/#organization\",\"name\":\"MG RADIO BELGIQUE\",\"url\":\"https:\\\/\\\/mgradio.be\\\/\",\"logo\":{\"@type\":\"ImageObject\",\"inLanguage\":\"fr-BE\",\"@id\":\"https:\\\/\\\/mgradio.be\\\/#\\\/schema\\\/logo\\\/image\\\/\",\"url\":\"https:\\\/\\\/mgradio.be\\\/wp-content\\\/uploads\\\/2025\\\/07\\\/499313877_678853151563626_2649022349240943846_n.jpg\",\"contentUrl\":\"https:\\\/\\\/mgradio.be\\\/wp-content\\\/uploads\\\/2025\\\/07\\\/499313877_678853151563626_2649022349240943846_n.jpg\",\"width\":1600,\"height\":1600,\"caption\":\"MG RADIO BELGIQUE\"},\"image\":{\"@id\":\"https:\\\/\\\/mgradio.be\\\/#\\\/schema\\\/logo\\\/image\\\/\"},\"sameAs\":[\"https:\\\/\\\/www.facebook.com\\\/mgradiobelgique\"]},{\"@type\":\"Person\",\"@id\":\"https:\\\/\\\/mgradio.be\\\/#\\\/schema\\\/person\\\/507e7e00f60eea3fbf12200b21c5ad01\",\"name\":\"Laurent Etienne\",\"image\":{\"@type\":\"ImageObject\",\"inLanguage\":\"fr-BE\",\"@id\":\"https:\\\/\\\/secure.gravatar.com\\\/avatar\\\/7d460c3feea5979bad208db274d36f455edc3293c1ba872390800ebee11f35ef?s=96&d=mm&r=g\",\"url\":\"https:\\\/\\\/secure.gravatar.com\\\/avatar\\\/7d460c3feea5979bad208db274d36f455edc3293c1ba872390800ebee11f35ef?s=96&d=mm&r=g\",\"contentUrl\":\"https:\\\/\\\/secure.gravatar.com\\\/avatar\\\/7d460c3feea5979bad208db274d36f455edc3293c1ba872390800ebee11f35ef?s=96&d=mm&r=g\",\"caption\":\"Laurent Etienne\"},\"sameAs\":[\"https:\\\/\\\/kaptivatv.net\\\/mgradio\"],\"url\":\"https:\\\/\\\/mgradio.be\\\/index.php\\\/author\\\/laurent-etienne\\\/\"}]}<\/script>\n<!-- \/ Yoast SEO plugin. -->","yoast_head_json":{"title":"EMISSION | ERIC COOPER est l\u00e0 pour vous ! - MG RADIO","robots":{"index":"index","follow":"follow","max-snippet":"max-snippet:-1","max-image-preview":"max-image-preview:large","max-video-preview":"max-video-preview:-1"},"canonical":"https:\/\/mgradio.be\/index.php\/2026\/04\/30\/emission-eric-cooper-est-la-pour-vous\/","og_locale":"fr_FR","og_type":"article","og_title":"EMISSION | ERIC COOPER est l\u00e0 pour vous ! - MG RADIO","og_description":"Vous \u00eates Artiste, Responsable Associatif, Porteur de Projet Positifs, Ecrivain(e) ? Faites entendre votre parcours dans le Podcast \u00ab\u00a0Les Interviews d&rsquo;Eric Cooper\u00a0\u00bb Depuis plusieurs ann\u00e9es, [&hellip;]","og_url":"https:\/\/mgradio.be\/index.php\/2026\/04\/30\/emission-eric-cooper-est-la-pour-vous\/","og_site_name":"MG RADIO","article_publisher":"https:\/\/www.facebook.com\/mgradiobelgique","article_published_time":"2026-04-30T08:22:39+00:00","article_modified_time":"2026-04-30T08:24:22+00:00","og_image":[{"width":640,"height":512,"url":"https:\/\/mgradio.be\/wp-content\/uploads\/2026\/04\/684108571_26285953657766929_5617123623215299678_n.jpg","type":"image\/jpeg"}],"author":"Laurent Etienne","twitter_card":"summary_large_image","twitter_misc":{"\u00c9crit par":"Laurent Etienne","Dur\u00e9e de lecture est.":"3 minutes"},"schema":{"@context":"https:\/\/schema.org","@graph":[{"@type":"Article","@id":"https:\/\/mgradio.be\/index.php\/2026\/04\/30\/emission-eric-cooper-est-la-pour-vous\/#article","isPartOf":{"@id":"https:\/\/mgradio.be\/index.php\/2026\/04\/30\/emission-eric-cooper-est-la-pour-vous\/"},"author":{"name":"Laurent Etienne","@id":"https:\/\/mgradio.be\/#\/schema\/person\/507e7e00f60eea3fbf12200b21c5ad01"},"headline":"EMISSION | ERIC COOPER est l\u00e0 pour vous !","datePublished":"2026-04-30T08:22:39+00:00","dateModified":"2026-04-30T08:24:22+00:00","mainEntityOfPage":{"@id":"https:\/\/mgradio.be\/index.php\/2026\/04\/30\/emission-eric-cooper-est-la-pour-vous\/"},"wordCount":417,"commentCount":0,"publisher":{"@id":"https:\/\/mgradio.be\/#organization"},"image":{"@id":"https:\/\/mgradio.be\/index.php\/2026\/04\/30\/emission-eric-cooper-est-la-pour-vous\/#primaryimage"},"thumbnailUrl":"https:\/\/mgradio.be\/wp-content\/uploads\/2026\/04\/684108571_26285953657766929_5617123623215299678_n.jpg","keywords":["eric cooper","interview"],"articleSection":["EMISSIONS","NEWS"],"inLanguage":"fr-BE","potentialAction":[{"@type":"CommentAction","name":"Comment","target":["https:\/\/mgradio.be\/index.php\/2026\/04\/30\/emission-eric-cooper-est-la-pour-vous\/#respond"]}]},{"@type":"WebPage","@id":"https:\/\/mgradio.be\/index.php\/2026\/04\/30\/emission-eric-cooper-est-la-pour-vous\/","url":"https:\/\/mgradio.be\/index.php\/2026\/04\/30\/emission-eric-cooper-est-la-pour-vous\/","name":"EMISSION | ERIC COOPER est l\u00e0 pour vous ! - MG RADIO","isPartOf":{"@id":"https:\/\/mgradio.be\/#website"},"primaryImageOfPage":{"@id":"https:\/\/mgradio.be\/index.php\/2026\/04\/30\/emission-eric-cooper-est-la-pour-vous\/#primaryimage"},"image":{"@id":"https:\/\/mgradio.be\/index.php\/2026\/04\/30\/emission-eric-cooper-est-la-pour-vous\/#primaryimage"},"thumbnailUrl":"https:\/\/mgradio.be\/wp-content\/uploads\/2026\/04\/684108571_26285953657766929_5617123623215299678_n.jpg","datePublished":"2026-04-30T08:22:39+00:00","dateModified":"2026-04-30T08:24:22+00:00","breadcrumb":{"@id":"https:\/\/mgradio.be\/index.php\/2026\/04\/30\/emission-eric-cooper-est-la-pour-vous\/#breadcrumb"},"inLanguage":"fr-BE","potentialAction":[{"@type":"ReadAction","target":["https:\/\/mgradio.be\/index.php\/2026\/04\/30\/emission-eric-cooper-est-la-pour-vous\/"]}]},{"@type":"ImageObject","inLanguage":"fr-BE","@id":"https:\/\/mgradio.be\/index.php\/2026\/04\/30\/emission-eric-cooper-est-la-pour-vous\/#primaryimage","url":"https:\/\/mgradio.be\/wp-content\/uploads\/2026\/04\/684108571_26285953657766929_5617123623215299678_n.jpg","contentUrl":"https:\/\/mgradio.be\/wp-content\/uploads\/2026\/04\/684108571_26285953657766929_5617123623215299678_n.jpg","width":640,"height":512},{"@type":"BreadcrumbList","@id":"https:\/\/mgradio.be\/index.php\/2026\/04\/30\/emission-eric-cooper-est-la-pour-vous\/#breadcrumb","itemListElement":[{"@type":"ListItem","position":1,"name":"Accueil","item":"https:\/\/mgradio.be\/"},{"@type":"ListItem","position":2,"name":"EMISSION | ERIC COOPER est l\u00e0 pour vous !"}]},{"@type":"WebSite","@id":"https:\/\/mgradio.be\/#website","url":"https:\/\/mgradio.be\/","name":"MG RADIO BELGIQUE","description":"","publisher":{"@id":"https:\/\/mgradio.be\/#organization"},"potentialAction":[{"@type":"SearchAction","target":{"@type":"EntryPoint","urlTemplate":"https:\/\/mgradio.be\/?s={search_term_string}"},"query-input":{"@type":"PropertyValueSpecification","valueRequired":true,"valueName":"search_term_string"}}],"inLanguage":"fr-BE"},{"@type":"Organization","@id":"https:\/\/mgradio.be\/#organization","name":"MG RADIO BELGIQUE","url":"https:\/\/mgradio.be\/","logo":{"@type":"ImageObject","inLanguage":"fr-BE","@id":"https:\/\/mgradio.be\/#\/schema\/logo\/image\/","url":"https:\/\/mgradio.be\/wp-content\/uploads\/2025\/07\/499313877_678853151563626_2649022349240943846_n.jpg","contentUrl":"https:\/\/mgradio.be\/wp-content\/uploads\/2025\/07\/499313877_678853151563626_2649022349240943846_n.jpg","width":1600,"height":1600,"caption":"MG RADIO BELGIQUE"},"image":{"@id":"https:\/\/mgradio.be\/#\/schema\/logo\/image\/"},"sameAs":["https:\/\/www.facebook.com\/mgradiobelgique"]},{"@type":"Person","@id":"https:\/\/mgradio.be\/#\/schema\/person\/507e7e00f60eea3fbf12200b21c5ad01","name":"Laurent Etienne","image":{"@type":"ImageObject","inLanguage":"fr-BE","@id":"https:\/\/secure.gravatar.com\/avatar\/7d460c3feea5979bad208db274d36f455edc3293c1ba872390800ebee11f35ef?s=96&d=mm&r=g","url":"https:\/\/secure.gravatar.com\/avatar\/7d460c3feea5979bad208db274d36f455edc3293c1ba872390800ebee11f35ef?s=96&d=mm&r=g","contentUrl":"https:\/\/secure.gravatar.com\/avatar\/7d460c3feea5979bad208db274d36f455edc3293c1ba872390800ebee11f35ef?s=96&d=mm&r=g","caption":"Laurent Etienne"},"sameAs":["https:\/\/kaptivatv.net\/mgradio"],"url":"https:\/\/mgradio.be\/index.php\/author\/laurent-etienne\/"}]}},"jetpack_publicize_connections":[],"jetpack_featured_media_url":"https:\/\/mgradio.be\/wp-content\/uploads\/2026\/04\/684108571_26285953657766929_5617123623215299678_n.jpg","jetpack_sharing_enabled":true,"_links":{"self":[{"href":"https:\/\/mgradio.be\/index.php\/wp-json\/wp\/v2\/posts\/376","targetHints":{"allow":["GET"]}}],"collection":[{"href":"https:\/\/mgradio.be\/index.php\/wp-json\/wp\/v2\/posts"}],"about":[{"href":"https:\/\/mgradio.be\/index.php\/wp-json\/wp\/v2\/types\/post"}],"author":[{"embeddable":true,"href":"https:\/\/mgradio.be\/index.php\/wp-json\/wp\/v2\/users\/1"}],"replies":[{"embeddable":true,"href":"https:\/\/mgradio.be\/index.php\/wp-json\/wp\/v2\/comments?post=376"}],"version-history":[{"count":1,"href":"https:\/\/mgradio.be\/index.php\/wp-json\/wp\/v2\/posts\/376\/revisions"}],"predecessor-version":[{"id":378,"href":"https:\/\/mgradio.be\/index.php\/wp-json\/wp\/v2\/posts\/376\/revisions\/378"}],"wp:featuredmedia":[{"embeddable":true,"href":"https:\/\/mgradio.be\/index.php\/wp-json\/wp\/v2\/media\/377"}],"wp:attachment":[{"href":"https:\/\/mgradio.be\/index.php\/wp-json\/wp\/v2\/media?parent=376"}],"wp:term":[{"taxonomy":"category","embeddable":true,"href":"https:\/\/mgradio.be\/index.php\/wp-json\/wp\/v2\/categories?post=376"},{"taxonomy":"post_tag","embeddable":true,"href":"https:\/\/mgradio.be\/index.php\/wp-json\/wp\/v2\/tags?post=376"}],"curies":[{"name":"wp","href":"https:\/\/api.w.org\/{rel}","templated":true}]}}