{"id":59,"date":"2025-07-08T20:15:00","date_gmt":"2025-07-08T18:15:00","guid":{"rendered":"https:\/\/mgradio.be\/?p=59"},"modified":"2025-07-07T16:05:36","modified_gmt":"2025-07-07T14:05:36","slug":"cinestory-rasta-rockett-le-podcast","status":"publish","type":"post","link":"https:\/\/mgradio.be\/index.php\/2025\/07\/08\/cinestory-rasta-rockett-le-podcast\/","title":{"rendered":"CINESTORY | RASTA ROCKETT : le podcast"},"content":{"rendered":"\n<figure class=\"wp-block-image size-large\"><img loading=\"lazy\" decoding=\"async\" width=\"1024\" height=\"360\" src=\"https:\/\/mgradio.be\/wp-content\/uploads\/2025\/07\/cinestory-1024x360.png\" alt=\"\" class=\"wp-image-60\" srcset=\"https:\/\/mgradio.be\/wp-content\/uploads\/2025\/07\/cinestory-1024x360.png 1024w, https:\/\/mgradio.be\/wp-content\/uploads\/2025\/07\/cinestory-300x106.png 300w, https:\/\/mgradio.be\/wp-content\/uploads\/2025\/07\/cinestory-768x270.png 768w, https:\/\/mgradio.be\/wp-content\/uploads\/2025\/07\/cinestory-1536x540.png 1536w, https:\/\/mgradio.be\/wp-content\/uploads\/2025\/07\/cinestory-2048x720.png 2048w\" sizes=\"auto, (max-width: 1024px) 100vw, 1024px\" \/><\/figure>\n\n\n\n<p>mission sp\u00e9ciale consacr\u00e9e au film qui retrace l&rsquo;histoire des Jama\u00efcains qui partent aux jeux olympiques &#8230; d&rsquo;HIVER !<\/p>\n\n\n\n<p>Musique, bande annonce et sortie dans les salles de cette semaine.<\/p>\n\n\n\n<p>Pour \u00e9couter, c&rsquo;est juste ici en dessous !<\/p>\n\n\n\n<figure class=\"wp-block-audio\"><audio controls src=\"https:\/\/kaptivatv.net\/audio\/2025-07-08-CINESTORY.mp3\"><\/audio><\/figure>\n\n\n\n<p><\/p>\n","protected":false},"excerpt":{"rendered":"<p>mission sp\u00e9ciale consacr\u00e9e au film qui retrace l&rsquo;histoire des Jama\u00efcains qui partent aux jeux olympiques &#8230; d&rsquo;HIVER ! Musique, bande annonce et sortie dans les [&hellip;]<\/p>\n","protected":false},"author":1,"featured_media":57,"comment_status":"open","ping_status":"open","sticky":false,"template":"","format":"standard","meta":{"om_disable_all_campaigns":false,"_jetpack_memberships_contains_paid_content":false,"footnotes":"","jetpack_publicize_message":"","jetpack_publicize_feature_enabled":true,"jetpack_social_post_already_shared":true,"jetpack_social_options":{"image_generator_settings":{"template":"highway","default_image_id":0,"font":"","enabled":false},"version":2}},"categories":[23,3],"tags":[30,25,14,29],"class_list":["post-59","post","type-post","status-publish","format-standard","has-post-thumbnail","hentry","category-cinestory","category-news","tag-cinema","tag-cinestory","tag-laurentetienne","tag-podcast"],"yoast_head":"<!-- This site is optimized with the Yoast SEO plugin v27.5 - https:\/\/yoast.com\/product\/yoast-seo-wordpress\/ -->\n<title>CINESTORY | RASTA ROCKETT : le podcast - MG RADIO<\/title>\n<meta name=\"robots\" content=\"index, follow, max-snippet:-1, max-image-preview:large, max-video-preview:-1\" \/>\n<link rel=\"canonical\" href=\"https:\/\/mgradio.be\/index.php\/2025\/07\/08\/cinestory-rasta-rockett-le-podcast\/\" \/>\n<meta property=\"og:locale\" content=\"fr_FR\" \/>\n<meta property=\"og:type\" content=\"article\" \/>\n<meta property=\"og:title\" content=\"CINESTORY | RASTA ROCKETT : le podcast - MG RADIO\" \/>\n<meta property=\"og:description\" content=\"mission sp\u00e9ciale consacr\u00e9e au film qui retrace l&rsquo;histoire des Jama\u00efcains qui partent aux jeux olympiques &#8230; d&rsquo;HIVER ! Musique, bande annonce et sortie dans les [&hellip;]\" \/>\n<meta property=\"og:url\" content=\"https:\/\/mgradio.be\/index.php\/2025\/07\/08\/cinestory-rasta-rockett-le-podcast\/\" \/>\n<meta property=\"og:site_name\" content=\"MG RADIO\" \/>\n<meta property=\"article:publisher\" content=\"https:\/\/www.facebook.com\/mgradiobelgique\" \/>\n<meta property=\"article:published_time\" content=\"2025-07-08T18:15:00+00:00\" \/>\n<meta property=\"og:image\" content=\"https:\/\/mgradio.be\/wp-content\/uploads\/2025\/07\/image.jpg\" \/>\n\t<meta property=\"og:image:width\" content=\"197\" \/>\n\t<meta property=\"og:image:height\" content=\"270\" \/>\n\t<meta property=\"og:image:type\" content=\"image\/jpeg\" \/>\n<meta name=\"author\" content=\"Laurent Etienne\" \/>\n<meta name=\"twitter:card\" content=\"summary_large_image\" \/>\n<meta name=\"twitter:label1\" content=\"\u00c9crit par\" \/>\n\t<meta name=\"twitter:data1\" content=\"Laurent Etienne\" \/>\n\t<meta name=\"twitter:label2\" content=\"Dur\u00e9e de lecture est.\" \/>\n\t<meta name=\"twitter:data2\" content=\"1 minute\" \/>\n<script type=\"application\/ld+json\" class=\"yoast-schema-graph\">{\"@context\":\"https:\\\/\\\/schema.org\",\"@graph\":[{\"@type\":\"Article\",\"@id\":\"https:\\\/\\\/mgradio.be\\\/index.php\\\/2025\\\/07\\\/08\\\/cinestory-rasta-rockett-le-podcast\\\/#article\",\"isPartOf\":{\"@id\":\"https:\\\/\\\/mgradio.be\\\/index.php\\\/2025\\\/07\\\/08\\\/cinestory-rasta-rockett-le-podcast\\\/\"},\"author\":{\"name\":\"Laurent Etienne\",\"@id\":\"https:\\\/\\\/mgradio.be\\\/#\\\/schema\\\/person\\\/507e7e00f60eea3fbf12200b21c5ad01\"},\"headline\":\"CINESTORY | RASTA ROCKETT : le podcast\",\"datePublished\":\"2025-07-08T18:15:00+00:00\",\"mainEntityOfPage\":{\"@id\":\"https:\\\/\\\/mgradio.be\\\/index.php\\\/2025\\\/07\\\/08\\\/cinestory-rasta-rockett-le-podcast\\\/\"},\"wordCount\":42,\"commentCount\":0,\"publisher\":{\"@id\":\"https:\\\/\\\/mgradio.be\\\/#organization\"},\"image\":{\"@id\":\"https:\\\/\\\/mgradio.be\\\/index.php\\\/2025\\\/07\\\/08\\\/cinestory-rasta-rockett-le-podcast\\\/#primaryimage\"},\"thumbnailUrl\":\"https:\\\/\\\/mgradio.be\\\/wp-content\\\/uploads\\\/2025\\\/07\\\/image.jpg\",\"keywords\":[\"cin\u00e9ma\",\"cinestory\",\"laurentetienne\",\"podcast\"],\"articleSection\":[\"CINESTORY\",\"NEWS\"],\"inLanguage\":\"fr-BE\",\"potentialAction\":[{\"@type\":\"CommentAction\",\"name\":\"Comment\",\"target\":[\"https:\\\/\\\/mgradio.be\\\/index.php\\\/2025\\\/07\\\/08\\\/cinestory-rasta-rockett-le-podcast\\\/#respond\"]}]},{\"@type\":\"WebPage\",\"@id\":\"https:\\\/\\\/mgradio.be\\\/index.php\\\/2025\\\/07\\\/08\\\/cinestory-rasta-rockett-le-podcast\\\/\",\"url\":\"https:\\\/\\\/mgradio.be\\\/index.php\\\/2025\\\/07\\\/08\\\/cinestory-rasta-rockett-le-podcast\\\/\",\"name\":\"CINESTORY | RASTA ROCKETT : le podcast - MG RADIO\",\"isPartOf\":{\"@id\":\"https:\\\/\\\/mgradio.be\\\/#website\"},\"primaryImageOfPage\":{\"@id\":\"https:\\\/\\\/mgradio.be\\\/index.php\\\/2025\\\/07\\\/08\\\/cinestory-rasta-rockett-le-podcast\\\/#primaryimage\"},\"image\":{\"@id\":\"https:\\\/\\\/mgradio.be\\\/index.php\\\/2025\\\/07\\\/08\\\/cinestory-rasta-rockett-le-podcast\\\/#primaryimage\"},\"thumbnailUrl\":\"https:\\\/\\\/mgradio.be\\\/wp-content\\\/uploads\\\/2025\\\/07\\\/image.jpg\",\"datePublished\":\"2025-07-08T18:15:00+00:00\",\"breadcrumb\":{\"@id\":\"https:\\\/\\\/mgradio.be\\\/index.php\\\/2025\\\/07\\\/08\\\/cinestory-rasta-rockett-le-podcast\\\/#breadcrumb\"},\"inLanguage\":\"fr-BE\",\"potentialAction\":[{\"@type\":\"ReadAction\",\"target\":[\"https:\\\/\\\/mgradio.be\\\/index.php\\\/2025\\\/07\\\/08\\\/cinestory-rasta-rockett-le-podcast\\\/\"]}]},{\"@type\":\"ImageObject\",\"inLanguage\":\"fr-BE\",\"@id\":\"https:\\\/\\\/mgradio.be\\\/index.php\\\/2025\\\/07\\\/08\\\/cinestory-rasta-rockett-le-podcast\\\/#primaryimage\",\"url\":\"https:\\\/\\\/mgradio.be\\\/wp-content\\\/uploads\\\/2025\\\/07\\\/image.jpg\",\"contentUrl\":\"https:\\\/\\\/mgradio.be\\\/wp-content\\\/uploads\\\/2025\\\/07\\\/image.jpg\",\"width\":197,\"height\":270},{\"@type\":\"BreadcrumbList\",\"@id\":\"https:\\\/\\\/mgradio.be\\\/index.php\\\/2025\\\/07\\\/08\\\/cinestory-rasta-rockett-le-podcast\\\/#breadcrumb\",\"itemListElement\":[{\"@type\":\"ListItem\",\"position\":1,\"name\":\"Accueil\",\"item\":\"https:\\\/\\\/mgradio.be\\\/\"},{\"@type\":\"ListItem\",\"position\":2,\"name\":\"CINESTORY | RASTA ROCKETT : le podcast\"}]},{\"@type\":\"WebSite\",\"@id\":\"https:\\\/\\\/mgradio.be\\\/#website\",\"url\":\"https:\\\/\\\/mgradio.be\\\/\",\"name\":\"MG RADIO BELGIQUE\",\"description\":\"\",\"publisher\":{\"@id\":\"https:\\\/\\\/mgradio.be\\\/#organization\"},\"potentialAction\":[{\"@type\":\"SearchAction\",\"target\":{\"@type\":\"EntryPoint\",\"urlTemplate\":\"https:\\\/\\\/mgradio.be\\\/?s={search_term_string}\"},\"query-input\":{\"@type\":\"PropertyValueSpecification\",\"valueRequired\":true,\"valueName\":\"search_term_string\"}}],\"inLanguage\":\"fr-BE\"},{\"@type\":\"Organization\",\"@id\":\"https:\\\/\\\/mgradio.be\\\/#organization\",\"name\":\"MG RADIO BELGIQUE\",\"url\":\"https:\\\/\\\/mgradio.be\\\/\",\"logo\":{\"@type\":\"ImageObject\",\"inLanguage\":\"fr-BE\",\"@id\":\"https:\\\/\\\/mgradio.be\\\/#\\\/schema\\\/logo\\\/image\\\/\",\"url\":\"https:\\\/\\\/mgradio.be\\\/wp-content\\\/uploads\\\/2025\\\/07\\\/499313877_678853151563626_2649022349240943846_n.jpg\",\"contentUrl\":\"https:\\\/\\\/mgradio.be\\\/wp-content\\\/uploads\\\/2025\\\/07\\\/499313877_678853151563626_2649022349240943846_n.jpg\",\"width\":1600,\"height\":1600,\"caption\":\"MG RADIO BELGIQUE\"},\"image\":{\"@id\":\"https:\\\/\\\/mgradio.be\\\/#\\\/schema\\\/logo\\\/image\\\/\"},\"sameAs\":[\"https:\\\/\\\/www.facebook.com\\\/mgradiobelgique\"]},{\"@type\":\"Person\",\"@id\":\"https:\\\/\\\/mgradio.be\\\/#\\\/schema\\\/person\\\/507e7e00f60eea3fbf12200b21c5ad01\",\"name\":\"Laurent Etienne\",\"image\":{\"@type\":\"ImageObject\",\"inLanguage\":\"fr-BE\",\"@id\":\"https:\\\/\\\/secure.gravatar.com\\\/avatar\\\/7d460c3feea5979bad208db274d36f455edc3293c1ba872390800ebee11f35ef?s=96&d=mm&r=g\",\"url\":\"https:\\\/\\\/secure.gravatar.com\\\/avatar\\\/7d460c3feea5979bad208db274d36f455edc3293c1ba872390800ebee11f35ef?s=96&d=mm&r=g\",\"contentUrl\":\"https:\\\/\\\/secure.gravatar.com\\\/avatar\\\/7d460c3feea5979bad208db274d36f455edc3293c1ba872390800ebee11f35ef?s=96&d=mm&r=g\",\"caption\":\"Laurent Etienne\"},\"sameAs\":[\"https:\\\/\\\/kaptivatv.net\\\/mgradio\"],\"url\":\"https:\\\/\\\/mgradio.be\\\/index.php\\\/author\\\/laurent-etienne\\\/\"}]}<\/script>\n<!-- \/ Yoast SEO plugin. -->","yoast_head_json":{"title":"CINESTORY | RASTA ROCKETT : le podcast - MG RADIO","robots":{"index":"index","follow":"follow","max-snippet":"max-snippet:-1","max-image-preview":"max-image-preview:large","max-video-preview":"max-video-preview:-1"},"canonical":"https:\/\/mgradio.be\/index.php\/2025\/07\/08\/cinestory-rasta-rockett-le-podcast\/","og_locale":"fr_FR","og_type":"article","og_title":"CINESTORY | RASTA ROCKETT : le podcast - MG RADIO","og_description":"mission sp\u00e9ciale consacr\u00e9e au film qui retrace l&rsquo;histoire des Jama\u00efcains qui partent aux jeux olympiques &#8230; d&rsquo;HIVER ! Musique, bande annonce et sortie dans les [&hellip;]","og_url":"https:\/\/mgradio.be\/index.php\/2025\/07\/08\/cinestory-rasta-rockett-le-podcast\/","og_site_name":"MG RADIO","article_publisher":"https:\/\/www.facebook.com\/mgradiobelgique","article_published_time":"2025-07-08T18:15:00+00:00","og_image":[{"width":197,"height":270,"url":"https:\/\/mgradio.be\/wp-content\/uploads\/2025\/07\/image.jpg","type":"image\/jpeg"}],"author":"Laurent Etienne","twitter_card":"summary_large_image","twitter_misc":{"\u00c9crit par":"Laurent Etienne","Dur\u00e9e de lecture est.":"1 minute"},"schema":{"@context":"https:\/\/schema.org","@graph":[{"@type":"Article","@id":"https:\/\/mgradio.be\/index.php\/2025\/07\/08\/cinestory-rasta-rockett-le-podcast\/#article","isPartOf":{"@id":"https:\/\/mgradio.be\/index.php\/2025\/07\/08\/cinestory-rasta-rockett-le-podcast\/"},"author":{"name":"Laurent Etienne","@id":"https:\/\/mgradio.be\/#\/schema\/person\/507e7e00f60eea3fbf12200b21c5ad01"},"headline":"CINESTORY | RASTA ROCKETT : le podcast","datePublished":"2025-07-08T18:15:00+00:00","mainEntityOfPage":{"@id":"https:\/\/mgradio.be\/index.php\/2025\/07\/08\/cinestory-rasta-rockett-le-podcast\/"},"wordCount":42,"commentCount":0,"publisher":{"@id":"https:\/\/mgradio.be\/#organization"},"image":{"@id":"https:\/\/mgradio.be\/index.php\/2025\/07\/08\/cinestory-rasta-rockett-le-podcast\/#primaryimage"},"thumbnailUrl":"https:\/\/mgradio.be\/wp-content\/uploads\/2025\/07\/image.jpg","keywords":["cin\u00e9ma","cinestory","laurentetienne","podcast"],"articleSection":["CINESTORY","NEWS"],"inLanguage":"fr-BE","potentialAction":[{"@type":"CommentAction","name":"Comment","target":["https:\/\/mgradio.be\/index.php\/2025\/07\/08\/cinestory-rasta-rockett-le-podcast\/#respond"]}]},{"@type":"WebPage","@id":"https:\/\/mgradio.be\/index.php\/2025\/07\/08\/cinestory-rasta-rockett-le-podcast\/","url":"https:\/\/mgradio.be\/index.php\/2025\/07\/08\/cinestory-rasta-rockett-le-podcast\/","name":"CINESTORY | RASTA ROCKETT : le podcast - MG RADIO","isPartOf":{"@id":"https:\/\/mgradio.be\/#website"},"primaryImageOfPage":{"@id":"https:\/\/mgradio.be\/index.php\/2025\/07\/08\/cinestory-rasta-rockett-le-podcast\/#primaryimage"},"image":{"@id":"https:\/\/mgradio.be\/index.php\/2025\/07\/08\/cinestory-rasta-rockett-le-podcast\/#primaryimage"},"thumbnailUrl":"https:\/\/mgradio.be\/wp-content\/uploads\/2025\/07\/image.jpg","datePublished":"2025-07-08T18:15:00+00:00","breadcrumb":{"@id":"https:\/\/mgradio.be\/index.php\/2025\/07\/08\/cinestory-rasta-rockett-le-podcast\/#breadcrumb"},"inLanguage":"fr-BE","potentialAction":[{"@type":"ReadAction","target":["https:\/\/mgradio.be\/index.php\/2025\/07\/08\/cinestory-rasta-rockett-le-podcast\/"]}]},{"@type":"ImageObject","inLanguage":"fr-BE","@id":"https:\/\/mgradio.be\/index.php\/2025\/07\/08\/cinestory-rasta-rockett-le-podcast\/#primaryimage","url":"https:\/\/mgradio.be\/wp-content\/uploads\/2025\/07\/image.jpg","contentUrl":"https:\/\/mgradio.be\/wp-content\/uploads\/2025\/07\/image.jpg","width":197,"height":270},{"@type":"BreadcrumbList","@id":"https:\/\/mgradio.be\/index.php\/2025\/07\/08\/cinestory-rasta-rockett-le-podcast\/#breadcrumb","itemListElement":[{"@type":"ListItem","position":1,"name":"Accueil","item":"https:\/\/mgradio.be\/"},{"@type":"ListItem","position":2,"name":"CINESTORY | RASTA ROCKETT : le podcast"}]},{"@type":"WebSite","@id":"https:\/\/mgradio.be\/#website","url":"https:\/\/mgradio.be\/","name":"MG RADIO BELGIQUE","description":"","publisher":{"@id":"https:\/\/mgradio.be\/#organization"},"potentialAction":[{"@type":"SearchAction","target":{"@type":"EntryPoint","urlTemplate":"https:\/\/mgradio.be\/?s={search_term_string}"},"query-input":{"@type":"PropertyValueSpecification","valueRequired":true,"valueName":"search_term_string"}}],"inLanguage":"fr-BE"},{"@type":"Organization","@id":"https:\/\/mgradio.be\/#organization","name":"MG RADIO BELGIQUE","url":"https:\/\/mgradio.be\/","logo":{"@type":"ImageObject","inLanguage":"fr-BE","@id":"https:\/\/mgradio.be\/#\/schema\/logo\/image\/","url":"https:\/\/mgradio.be\/wp-content\/uploads\/2025\/07\/499313877_678853151563626_2649022349240943846_n.jpg","contentUrl":"https:\/\/mgradio.be\/wp-content\/uploads\/2025\/07\/499313877_678853151563626_2649022349240943846_n.jpg","width":1600,"height":1600,"caption":"MG RADIO BELGIQUE"},"image":{"@id":"https:\/\/mgradio.be\/#\/schema\/logo\/image\/"},"sameAs":["https:\/\/www.facebook.com\/mgradiobelgique"]},{"@type":"Person","@id":"https:\/\/mgradio.be\/#\/schema\/person\/507e7e00f60eea3fbf12200b21c5ad01","name":"Laurent Etienne","image":{"@type":"ImageObject","inLanguage":"fr-BE","@id":"https:\/\/secure.gravatar.com\/avatar\/7d460c3feea5979bad208db274d36f455edc3293c1ba872390800ebee11f35ef?s=96&d=mm&r=g","url":"https:\/\/secure.gravatar.com\/avatar\/7d460c3feea5979bad208db274d36f455edc3293c1ba872390800ebee11f35ef?s=96&d=mm&r=g","contentUrl":"https:\/\/secure.gravatar.com\/avatar\/7d460c3feea5979bad208db274d36f455edc3293c1ba872390800ebee11f35ef?s=96&d=mm&r=g","caption":"Laurent Etienne"},"sameAs":["https:\/\/kaptivatv.net\/mgradio"],"url":"https:\/\/mgradio.be\/index.php\/author\/laurent-etienne\/"}]}},"jetpack_publicize_connections":[],"jetpack_featured_media_url":"https:\/\/mgradio.be\/wp-content\/uploads\/2025\/07\/image.jpg","jetpack_sharing_enabled":true,"_links":{"self":[{"href":"https:\/\/mgradio.be\/index.php\/wp-json\/wp\/v2\/posts\/59","targetHints":{"allow":["GET"]}}],"collection":[{"href":"https:\/\/mgradio.be\/index.php\/wp-json\/wp\/v2\/posts"}],"about":[{"href":"https:\/\/mgradio.be\/index.php\/wp-json\/wp\/v2\/types\/post"}],"author":[{"embeddable":true,"href":"https:\/\/mgradio.be\/index.php\/wp-json\/wp\/v2\/users\/1"}],"replies":[{"embeddable":true,"href":"https:\/\/mgradio.be\/index.php\/wp-json\/wp\/v2\/comments?post=59"}],"version-history":[{"count":1,"href":"https:\/\/mgradio.be\/index.php\/wp-json\/wp\/v2\/posts\/59\/revisions"}],"predecessor-version":[{"id":61,"href":"https:\/\/mgradio.be\/index.php\/wp-json\/wp\/v2\/posts\/59\/revisions\/61"}],"wp:featuredmedia":[{"embeddable":true,"href":"https:\/\/mgradio.be\/index.php\/wp-json\/wp\/v2\/media\/57"}],"wp:attachment":[{"href":"https:\/\/mgradio.be\/index.php\/wp-json\/wp\/v2\/media?parent=59"}],"wp:term":[{"taxonomy":"category","embeddable":true,"href":"https:\/\/mgradio.be\/index.php\/wp-json\/wp\/v2\/categories?post=59"},{"taxonomy":"post_tag","embeddable":true,"href":"https:\/\/mgradio.be\/index.php\/wp-json\/wp\/v2\/tags?post=59"}],"curies":[{"name":"wp","href":"https:\/\/api.w.org\/{rel}","templated":true}]}}